{"id":53275,"date":"2025-12-02T08:15:32","date_gmt":"2025-12-02T11:15:32","guid":{"rendered":"https:\/\/primiciasclorinda.com\/?p=53275"},"modified":"2025-12-02T08:15:32","modified_gmt":"2025-12-02T11:15:32","slug":"el-presidente-de-refsa-rechaza-aplicar-los-cortes-rotativos-que-propone-nacion","status":"publish","type":"post","link":"https:\/\/primiciasclorinda.com\/?p=53275","title":{"rendered":"El presidente de REFSA rechaza aplicar los cortes rotativos que propone Naci\u00f3n"},"content":{"rendered":"\n<p><strong>Adem\u00e1s, explic\u00f3 el nuevo sistema de subsidios que el Gobierno de Milei implementar\u00e1 desde enero, que elimina las categor\u00edas N1, N2 y N3 y reduce la cantidad de energ\u00eda a subsidiar a cada usuario.<\/strong><\/p>\n\n\n\n<p><strong>El presidente de la empresa Recursos y Energ\u00eda Formosa S.A. (REFSA), Fernando De Vido, se\u00f1al\u00f3 que la distribuidora local se opone a la posibilidad de aplicar cortes rotativos en el servicio de energ\u00eda dentro de la provincia, en respuesta a una alternativa que acerc\u00f3 la Secretar\u00eda de Energ\u00eda de la Naci\u00f3n para evitar que el sistema entre en crisis con la alta demanda del consumo durante el verano.<\/strong><\/p>\n\n\n\n<p><strong><em>\u201cEl sistema entra en crisis permanentemente en el verano. De ah\u00ed que el Gobierno nacional est\u00e1 buscando alternativas para mitigar el impacto del alto consumo. Con este fin,&nbsp;desde la Secretar\u00eda se est\u00e1 exigiendo a las distribuidoras establecer un cupo y aplicar cortes rotativos, a lo cual nos oponemos, pero&nbsp;son ellos los que conducen los comandos desde la generaci\u00f3n de energ\u00eda y&nbsp;<a href=\"https:\/\/neahoy.com\/2025\/11\/25\/corte-programado-de-refsa-que-zonas-se-veran-afectadas-este-jueves\/\" target=\"_blank\" rel=\"noreferrer noopener\">lo pueden hacer desde las centrales<\/a>\u201d<\/em>, aclar\u00f3 el ingeniero.<\/strong><\/p>\n\n\n\n<p><strong>A su vez, dijo que&nbsp;<em>\u201cde ah\u00ed surge la preocupaci\u00f3n y ocupaci\u00f3n para integrarnos y tener como alternativa de producci\u00f3n de energ\u00eda por v\u00eda Paraguay, a trav\u00e9s de la l\u00ednea Guarambar\u00e9- Clorinda, que venga a mitigar estos fen\u00f3menos de crisis que podamos tener en ciertos d\u00edas de colapsos por sobredemanda de energ\u00eda, como ocurri\u00f3 en el verano pasado\u201d<\/em>.<\/strong><\/p>\n\n\n\n<p><strong>De Vido record\u00f3 que&nbsp;Formosa contin\u00faa realizando gestiones ante la Subsecretar\u00eda de Energ\u00eda de la Naci\u00f3n para habilitar la interconexi\u00f3n el\u00e9ctrica entre Guarambar\u00e9 (Paraguay) y Clorinda (Argentina)&nbsp;que est\u00e1 fuera de servicio desde 2019.<\/strong><\/p>\n\n\n\n<p><strong><em>\u201cEn algo avanzamos, en el sentido de que se determin\u00f3 que no existen impedimentos t\u00e9cnicos.&nbsp;Hay comunicaciones permanentes, pero a\u00fan&nbsp;<a href=\"https:\/\/neahoy.com\/2025\/09\/29\/formosa-resiste-por-el-autotransformador-de-clorinda-el-gobierno-de-milei-busca-mudar-la-causa-a-caba\/\" target=\"_blank\" rel=\"noreferrer noopener\">no tenemos la habilitaci\u00f3n<\/a>. Es una fuente alternativa de gran importante para la zona, sabiendo que el sistema de generaci\u00f3n est\u00e1 al l\u00edmite\u201d<\/em>, dijo.<\/strong><\/p>\n\n\n\n<p><strong>Sobre las tarifas de energ\u00eda<\/strong><\/p>\n\n\n\n<p><strong>En cuanto al costo de la tarifa de la energ\u00eda, el presidente de&nbsp;REFSA&nbsp;resalt\u00f3 que&nbsp;<em>\u201cel costo de su generaci\u00f3n y traslado siempre est\u00e1 regulado por la Secretar\u00eda de Energ\u00eda de la Naci\u00f3n, la cual estableci\u00f3 en el \u00faltimo tiempo significativos aumentos, afectando fundamentalmente a los sectores de menores ingresos\u201d<\/em>.<\/strong><\/p>\n\n\n\n<p><strong><em>\u201cTanto es as\u00ed, que, si comparamos el valor de la energ\u00eda en estos \u00faltimos dos a\u00f1os, el factor que se llama potencia (uno de los componentes del costo total y que se cobra a las distribuidoras) en los \u00faltimos 24 meses subi\u00f3 101 veces, es decir, un incremento de 10.000%\u201d<\/em>, afirm\u00f3 De Vido.<\/strong><\/p>\n\n\n\n<p><strong>En virtud de este dato, agreg\u00f3 que&nbsp;<em>\u201cen diciembre del 2023, el valor de la potencia estaba fijado en 80.000 pesos por megas, teniendo un costo hoy de 8.000.100 de pesos por megas\u201d<\/em>.&nbsp;<em>\u201cDesde la Provincia se hizo un gran esfuerzo para que ese costo exponencial sea trasladado o replicado en el servicio domiciliario de los formose\u00f1os. Si bien hubo aumentos, no en esta magnitud ni en estos porcentajes\u201d<\/em>, aclar\u00f3.<\/strong><\/p>\n\n\n\n<p><strong>En cuanto a los aumentos, advirti\u00f3 que&nbsp;<em>\u201ctendr\u00e1n sus impactos en las boletas de ac\u00e1 a 90 d\u00edas, porque la suba que<\/em>&nbsp;aplic\u00f3 Naci\u00f3n rige desde el 1 de noviembre\u201d.&nbsp;<em>\u201cLo m\u00e1s grave es que nos toca a todas las provincias del norte en una \u00e9poca de mayor consumo, que comienza desde fines de noviembre y se extiende hasta marzo, cuando la demanda por las altas temperaturas siempre marca un pico mayor\u201d<\/em>, a\u00f1adi\u00f3<\/strong><\/p>\n\n\n\n<p><strong>Subsidios<\/strong><\/p>\n\n\n\n<p><strong>A partir de la desregulaci\u00f3n del mercado energ\u00e9tico que propone el Gobierno nacional y la reestructuraci\u00f3n del sistema de subsidios, el presidente de&nbsp;REFSA&nbsp;mencion\u00f3 que&nbsp;Naci\u00f3n no s\u00f3lo eliminar\u00e1 la divisi\u00f3n por segmentos (N1, N2 Y N3) o caracter\u00edsticas de usuarios, sino que tambi\u00e9n aplicar\u00e1 una disminuci\u00f3n en la cantidad de energ\u00eda subsidiada para estos sectores.<\/strong><\/p>\n\n\n\n<p><strong><em>\u201cDesde enero, el Gobierno quiere eliminar los segmentos y separar los usuarios en aquellos que reciben subsidios y en aquellos que no, sin otra diferenciaci\u00f3n.&nbsp;A su vez, este grupo subsidiado, tendr\u00e1 menos cantidad de energ\u00eda con esta subvenci\u00f3n estatal, lo que significa que si se pasa de un tope de consumo, pagar\u00e1 la tarifa plana como el resto\u201d<\/em>, explic\u00f3 De Vido.<\/strong><\/p>\n\n\n\n<p><strong>Tambi\u00e9n, se\u00f1al\u00f3 que&nbsp;<em>\u201cestos cambios alcanzar\u00e1n a sectores comerciales e industriales, quienes antes estaban asignados dentro de las distribuidoras de energ\u00eda, pero que ahora tendr\u00e1n que gestionar ellos mismos la provisi\u00f3n de energ\u00eda en el mercado\u201d<\/em>.<\/strong><\/p>\n\n\n\n<p><strong>Fuente: La Ma\u00f1ana<\/strong><\/p>\n\n\n<figure class=\"wp-block-post-featured-image\"><img loading=\"lazy\" decoding=\"async\" width=\"950\" height=\"600\" src=\"https:\/\/primiciasclorinda.com\/wp-content\/uploads\/2025\/12\/El-presidente-de-REFSA-rechaza-aplicar-los-cortes-rotativos-que-propone-Nacion.jpg\" class=\"attachment-post-thumbnail size-post-thumbnail wp-post-image\" alt=\"\" style=\"object-fit:cover;\" srcset=\"https:\/\/primiciasclorinda.com\/wp-content\/uploads\/2025\/12\/El-presidente-de-REFSA-rechaza-aplicar-los-cortes-rotativos-que-propone-Nacion.jpg 950w, https:\/\/primiciasclorinda.com\/wp-content\/uploads\/2025\/12\/El-presidente-de-REFSA-rechaza-aplicar-los-cortes-rotativos-que-propone-Nacion-300x189.jpg 300w, https:\/\/primiciasclorinda.com\/wp-content\/uploads\/2025\/12\/El-presidente-de-REFSA-rechaza-aplicar-los-cortes-rotativos-que-propone-Nacion-475x300.jpg 475w, https:\/\/primiciasclorinda.com\/wp-content\/uploads\/2025\/12\/El-presidente-de-REFSA-rechaza-aplicar-los-cortes-rotativos-que-propone-Nacion-768x485.jpg 768w\" sizes=\"auto, (max-width: 950px) 100vw, 950px\" \/><\/figure>","protected":false},"excerpt":{"rendered":"<div class=\"mh-excerpt\"><p>Adem\u00e1s, explic\u00f3 el nuevo sistema de subsidios que el Gobierno de Milei implementar\u00e1 desde enero, que elimina las categor\u00edas N1, N2 y N3 y reduce <a class=\"mh-excerpt-more\" href=\"https:\/\/primiciasclorinda.com\/?p=53275\" title=\"El presidente de REFSA rechaza aplicar los cortes rotativos que propone Naci\u00f3n\">[&#8230;]<\/a><\/p>\n<\/div>","protected":false},"author":3,"featured_media":53271,"comment_status":"open","ping_status":"open","sticky":false,"template":"","format":"standard","meta":{"footnotes":""},"categories":[3],"tags":[5579,198],"class_list":["post-53275","post","type-post","status-publish","format-standard","has-post-thumbnail","hentry","category-politica-economia","tag-rechaza-cortes-programados","tag-refsa"],"_links":{"self":[{"href":"https:\/\/primiciasclorinda.com\/index.php?rest_route=\/wp\/v2\/posts\/53275","targetHints":{"allow":["GET"]}}],"collection":[{"href":"https:\/\/primiciasclorinda.com\/index.php?rest_route=\/wp\/v2\/posts"}],"about":[{"href":"https:\/\/primiciasclorinda.com\/index.php?rest_route=\/wp\/v2\/types\/post"}],"author":[{"embeddable":true,"href":"https:\/\/primiciasclorinda.com\/index.php?rest_route=\/wp\/v2\/users\/3"}],"replies":[{"embeddable":true,"href":"https:\/\/primiciasclorinda.com\/index.php?rest_route=%2Fwp%2Fv2%2Fcomments&post=53275"}],"version-history":[{"count":1,"href":"https:\/\/primiciasclorinda.com\/index.php?rest_route=\/wp\/v2\/posts\/53275\/revisions"}],"predecessor-version":[{"id":53276,"href":"https:\/\/primiciasclorinda.com\/index.php?rest_route=\/wp\/v2\/posts\/53275\/revisions\/53276"}],"wp:featuredmedia":[{"embeddable":true,"href":"https:\/\/primiciasclorinda.com\/index.php?rest_route=\/wp\/v2\/media\/53271"}],"wp:attachment":[{"href":"https:\/\/primiciasclorinda.com\/index.php?rest_route=%2Fwp%2Fv2%2Fmedia&parent=53275"}],"wp:term":[{"taxonomy":"category","embeddable":true,"href":"https:\/\/primiciasclorinda.com\/index.php?rest_route=%2Fwp%2Fv2%2Fcategories&post=53275"},{"taxonomy":"post_tag","embeddable":true,"href":"https:\/\/primiciasclorinda.com\/index.php?rest_route=%2Fwp%2Fv2%2Ftags&post=53275"}],"curies":[{"name":"wp","href":"https:\/\/api.w.org\/{rel}","templated":true}]}}