{"id":51180,"date":"2025-11-29T07:09:10","date_gmt":"2025-11-29T10:09:10","guid":{"rendered":"https:\/\/primiciasclorinda.com\/?p=51180"},"modified":"2025-11-29T07:09:10","modified_gmt":"2025-11-29T10:09:10","slug":"alumnos-docentes-y-directivos-de-la-escuela-especial-nro-2-visitaron-la-municipalidad-de-clorinda","status":"publish","type":"post","link":"https:\/\/primiciasclorinda.com\/?p=51180","title":{"rendered":"Alumnos, Docentes y Directivos de la Escuela Especial Nro 2 visitaron la Municipalidad de Clorinda"},"content":{"rendered":"\n<p><strong>Este jueves por la ma\u00f1ana, el Intendente Ariel Caniza recibi\u00f3 la visita de un grupo de alumnos, docentes y directivos de la escuela especial N\u00b02, la visita estuvo encabezada por la directora Mercedes Moreno quien junto a los chicos llegaron al despacho del jefe comunal y el motivo era agradecer todo el apoyo recibido a lo largo del a\u00f1o en diferentes cuestiones ligadas a la instituci\u00f3n.<\/strong><\/p>\n\n\n\n<p><strong>\u201cEstamos atravesando momentos dif\u00edciles a nivel nacional y aqu\u00ed no estamos ajenos, cuesta mucho mantener el edificio y muchas otras cosas y m\u00e1s all\u00e1 de eso el intendente y su equipo siempre estuvieron presentes apoyando nuestro trabajo en beneficio de los chicos, por eso hoy estamos ac\u00e1 para agradecerle este acompa\u00f1amiento constante\u201d dec\u00eda Mercedes Moreno.<\/strong><\/p>\n\n\n<div class=\"wp-block-image\">\n<figure class=\"aligncenter size-large is-resized\"><img loading=\"lazy\" decoding=\"async\" width=\"533\" height=\"300\" src=\"https:\/\/primiciasclorinda.com\/wp-content\/uploads\/2025\/11\/589458099_1654620729145101_3864323845471352536_n-533x300.jpg\" alt=\"\" class=\"wp-image-51181\" style=\"width:675px;height:auto\" srcset=\"https:\/\/primiciasclorinda.com\/wp-content\/uploads\/2025\/11\/589458099_1654620729145101_3864323845471352536_n-533x300.jpg 533w, https:\/\/primiciasclorinda.com\/wp-content\/uploads\/2025\/11\/589458099_1654620729145101_3864323845471352536_n-300x169.jpg 300w, https:\/\/primiciasclorinda.com\/wp-content\/uploads\/2025\/11\/589458099_1654620729145101_3864323845471352536_n-768x432.jpg 768w, https:\/\/primiciasclorinda.com\/wp-content\/uploads\/2025\/11\/589458099_1654620729145101_3864323845471352536_n-1536x864.jpg 1536w, https:\/\/primiciasclorinda.com\/wp-content\/uploads\/2025\/11\/589458099_1654620729145101_3864323845471352536_n-678x381.jpg 678w, https:\/\/primiciasclorinda.com\/wp-content\/uploads\/2025\/11\/589458099_1654620729145101_3864323845471352536_n.jpg 1600w\" sizes=\"auto, (max-width: 533px) 100vw, 533px\" \/><\/figure><\/div>\n\n\n<p><strong>En tanto que el Intendente Ariel Caniza reiter\u00f3 que mientras est\u00e9 al alcance los estar\u00e1n acompa\u00f1ando siempre, aprovecho la visita de este grupo de alumnos y docentes para resaltar la labor que hacen en beneficio de la educaci\u00f3n inclusiva y los chicos, en se\u00f1al de agradecimiento le hicieron entrega de un presente. Luego hicieron lo propio con la secretaria privada, la se\u00f1orita Patricia Dom\u00ednguez<\/strong><\/p>\n\n\n\n<p>Prensa Municipalidad de Clorinda<\/p>\n\n\n<figure class=\"wp-block-post-featured-image\"><img loading=\"lazy\" decoding=\"async\" width=\"950\" height=\"600\" src=\"https:\/\/primiciasclorinda.com\/wp-content\/uploads\/2025\/11\/589911927_1654620855811755_8960738611387540610_n.jpg\" class=\"attachment-post-thumbnail size-post-thumbnail wp-post-image\" alt=\"\" style=\"object-fit:cover;\" srcset=\"https:\/\/primiciasclorinda.com\/wp-content\/uploads\/2025\/11\/589911927_1654620855811755_8960738611387540610_n.jpg 950w, https:\/\/primiciasclorinda.com\/wp-content\/uploads\/2025\/11\/589911927_1654620855811755_8960738611387540610_n-300x189.jpg 300w, https:\/\/primiciasclorinda.com\/wp-content\/uploads\/2025\/11\/589911927_1654620855811755_8960738611387540610_n-475x300.jpg 475w, https:\/\/primiciasclorinda.com\/wp-content\/uploads\/2025\/11\/589911927_1654620855811755_8960738611387540610_n-768x485.jpg 768w\" sizes=\"auto, (max-width: 950px) 100vw, 950px\" \/><\/figure>","protected":false},"excerpt":{"rendered":"<div class=\"mh-excerpt\"><p>Este jueves por la ma\u00f1ana, el Intendente Ariel Caniza recibi\u00f3 la visita de un grupo de alumnos, docentes y directivos de la escuela especial N\u00b02, <a class=\"mh-excerpt-more\" href=\"https:\/\/primiciasclorinda.com\/?p=51180\" title=\"Alumnos, Docentes y Directivos de la Escuela Especial Nro 2 visitaron la Municipalidad de Clorinda\">[&#8230;]<\/a><\/p>\n<\/div>","protected":false},"author":3,"featured_media":51157,"comment_status":"open","ping_status":"open","sticky":false,"template":"","format":"standard","meta":{"footnotes":""},"categories":[5431,4],"tags":[5548,26,5549],"class_list":["post-51180","post","type-post","status-publish","format-standard","has-post-thumbnail","hentry","category-clorinda","category-informacion-general","tag-alumnos-escuela-especial-2","tag-clorinda","tag-visitan-municipalidad"],"_links":{"self":[{"href":"https:\/\/primiciasclorinda.com\/index.php?rest_route=\/wp\/v2\/posts\/51180","targetHints":{"allow":["GET"]}}],"collection":[{"href":"https:\/\/primiciasclorinda.com\/index.php?rest_route=\/wp\/v2\/posts"}],"about":[{"href":"https:\/\/primiciasclorinda.com\/index.php?rest_route=\/wp\/v2\/types\/post"}],"author":[{"embeddable":true,"href":"https:\/\/primiciasclorinda.com\/index.php?rest_route=\/wp\/v2\/users\/3"}],"replies":[{"embeddable":true,"href":"https:\/\/primiciasclorinda.com\/index.php?rest_route=%2Fwp%2Fv2%2Fcomments&post=51180"}],"version-history":[{"count":1,"href":"https:\/\/primiciasclorinda.com\/index.php?rest_route=\/wp\/v2\/posts\/51180\/revisions"}],"predecessor-version":[{"id":51676,"href":"https:\/\/primiciasclorinda.com\/index.php?rest_route=\/wp\/v2\/posts\/51180\/revisions\/51676"}],"wp:featuredmedia":[{"embeddable":true,"href":"https:\/\/primiciasclorinda.com\/index.php?rest_route=\/wp\/v2\/media\/51157"}],"wp:attachment":[{"href":"https:\/\/primiciasclorinda.com\/index.php?rest_route=%2Fwp%2Fv2%2Fmedia&parent=51180"}],"wp:term":[{"taxonomy":"category","embeddable":true,"href":"https:\/\/primiciasclorinda.com\/index.php?rest_route=%2Fwp%2Fv2%2Fcategories&post=51180"},{"taxonomy":"post_tag","embeddable":true,"href":"https:\/\/primiciasclorinda.com\/index.php?rest_route=%2Fwp%2Fv2%2Ftags&post=51180"}],"curies":[{"name":"wp","href":"https:\/\/api.w.org\/{rel}","templated":true}]}}