{"id":5115,"date":"2017-04-13T16:19:37","date_gmt":"2017-04-13T16:19:37","guid":{"rendered":"http:\/\/primiciasclorinda.com\/?p=5115"},"modified":"2017-04-13T16:20:04","modified_gmt":"2017-04-13T16:20:04","slug":"la-provincia-dispuso-un-aumento-salarial-del-30-a-estatales","status":"publish","type":"post","link":"https:\/\/primiciasclorinda.com\/?p=5115","title":{"rendered":"La Provincia dispuso un aumento salarial del 30% a estatales"},"content":{"rendered":"<p style=\"text-align: justify;\">Para los docentes la mejora incluye sumas al b\u00e1sico y asignaciones no remunerativas escalonadas que superan los $4500. La recomposici\u00f3n alcanza a la totalidad de los jubilados del sistema previsional provincial.<\/p>\n<p style=\"text-align: justify;\">El gobernador Gildo Insfran, en el marco de la mesa de di\u00e1logo con los sindicatos formose\u00f1os, estableci\u00f3 un incremento en los salarios de los agentes de la administraci\u00f3n p\u00fablica provincial de un 30%, que incluye a los docentes y jubilados. La recomposici\u00f3n dispuesta representara una erogaci\u00f3n del tesoro formose\u00f1o para el presente ejercicio, de suma superior a los 2300 millones de pesos.<br \/>\nEl primer mandatario dio detalles de la recomposici\u00f3n de haberes dispuesta en el marco de una conferencia de prensa \u2013en la sala de situaci\u00f3n del quinto piso de Casa de Gobierno- junto al titular de la CGT local, Hilario Mart\u00ednez, el secretario general de UPCN, Isabelino Idoyaga, adem\u00e1s de sindicalistas de la rama docente como Luis Branchi de ADF, Estela Escobar de SIDOFOR, Vicente Garc\u00eda Insfran de UDA, Herben N\u00fa\u00f1ez Barrios de la Asociaci\u00f3n de Docentes \u201cArturo Jauretche\u201d, Benito Godoy de AMET.<\/p>\n<p style=\"text-align: justify;\">Explico que la recomposici\u00f3n de haberes es retroactiva al 1\u00b0 de marzo, y dado su car\u00e1cter escalonado, en este primer tramo a ser abonado con los salarios de abril, operara un 20% de mejora. Un 5% tendr\u00e1 vigencia desde el 1\u00b0 julio y el restante 5% a partir del 1\u00b0 de septiembre del a\u00f1o en curso. Los porcentajes establecidos se aplicaran sobre los importes vigentes al mes de febrero de este a\u00f1o.<\/p>\n<p style=\"text-align: justify;\">Confirmo Insfr\u00e1n que la medida tambi\u00e9n comprende a la totalidad de los pasivos dependientes de la Caja de Previsi\u00f3n Social.<\/p>\n<p style=\"text-align: justify;\">Otro aspecto que implica la decisi\u00f3n del titular del PEP est\u00e1 dado en que se fijaron nuevas escalas de ingreso m\u00ednimo de bolsillo garantizado para los agentes activos, en los siguientes importes: Desde marzo asciende a los $8625, a partir de julio escala a $9375 y desde septiembre a los $10.000.<\/p>\n<p style=\"text-align: justify;\"><strong>Docentes<\/strong><\/p>\n<p style=\"text-align: justify;\">En cuanto al escalaf\u00f3n docente dispuso la incorporaci\u00f3n al b\u00e1sico de los siguientes importes a partir de los periodos que se indican y el nuevo valor del punto \u00edndice resultante: Desde el mes de marzo se incorporan $650 correspondiente a la garant\u00eda 2015, resultando el valor del punto \u00edndice en $23,4960; desde julio se incorporan $145 \u2013saldo garant\u00eda 2015- y $355 de la garant\u00eda salarial 2016, resultando el valor del punto \u00edndice en $26,0086; desde septiembre se incorporan $290 correspondiente a la garant\u00eda salarial 2016 con lo cual el punto \u00edndice resultante es de $27,4659.<br \/>\nTambi\u00e9n en este caso se indico que estos incrementos se extienden a los agentes pasivos docentes de la CPS.<\/p>\n<p style=\"text-align: justify;\">Asimismo, se estableci\u00f3 la asignaci\u00f3n de una suma no remunerativa \u2013garant\u00eda salarial 2017- para el personal activo del escalaf\u00f3n docente de los siguientes importes a partir de los periodos que se se\u00f1alan: Desde marzo $1134; a partir de julio $1181 y en septiembre de $1229.<\/p>\n","protected":false},"excerpt":{"rendered":"<div class=\"mh-excerpt\"><p>Para los docentes la mejora incluye sumas al b\u00e1sico y asignaciones no remunerativas escalonadas que superan los $4500. La recomposici\u00f3n alcanza a la totalidad de <a class=\"mh-excerpt-more\" href=\"https:\/\/primiciasclorinda.com\/?p=5115\" title=\"La Provincia dispuso un aumento salarial del 30% a estatales\">[&#8230;]<\/a><\/p>\n<\/div>","protected":false},"author":3,"featured_media":5116,"comment_status":"open","ping_status":"open","sticky":false,"template":"","format":"standard","meta":{"footnotes":""},"categories":[4],"tags":[706,23,18,58],"class_list":["post-5115","post","type-post","status-publish","format-standard","has-post-thumbnail","hentry","category-informacion-general","tag-aumento-salarial","tag-formosa","tag-gildo-insfran","tag-gobierno-de-formosa"],"_links":{"self":[{"href":"https:\/\/primiciasclorinda.com\/index.php?rest_route=\/wp\/v2\/posts\/5115","targetHints":{"allow":["GET"]}}],"collection":[{"href":"https:\/\/primiciasclorinda.com\/index.php?rest_route=\/wp\/v2\/posts"}],"about":[{"href":"https:\/\/primiciasclorinda.com\/index.php?rest_route=\/wp\/v2\/types\/post"}],"author":[{"embeddable":true,"href":"https:\/\/primiciasclorinda.com\/index.php?rest_route=\/wp\/v2\/users\/3"}],"replies":[{"embeddable":true,"href":"https:\/\/primiciasclorinda.com\/index.php?rest_route=%2Fwp%2Fv2%2Fcomments&post=5115"}],"version-history":[{"count":2,"href":"https:\/\/primiciasclorinda.com\/index.php?rest_route=\/wp\/v2\/posts\/5115\/revisions"}],"predecessor-version":[{"id":5118,"href":"https:\/\/primiciasclorinda.com\/index.php?rest_route=\/wp\/v2\/posts\/5115\/revisions\/5118"}],"wp:featuredmedia":[{"embeddable":true,"href":"https:\/\/primiciasclorinda.com\/index.php?rest_route=\/wp\/v2\/media\/5116"}],"wp:attachment":[{"href":"https:\/\/primiciasclorinda.com\/index.php?rest_route=%2Fwp%2Fv2%2Fmedia&parent=5115"}],"wp:term":[{"taxonomy":"category","embeddable":true,"href":"https:\/\/primiciasclorinda.com\/index.php?rest_route=%2Fwp%2Fv2%2Fcategories&post=5115"},{"taxonomy":"post_tag","embeddable":true,"href":"https:\/\/primiciasclorinda.com\/index.php?rest_route=%2Fwp%2Fv2%2Ftags&post=5115"}],"curies":[{"name":"wp","href":"https:\/\/api.w.org\/{rel}","templated":true}]}}