{"id":5064,"date":"2017-04-05T21:02:50","date_gmt":"2017-04-05T21:02:50","guid":{"rendered":"http:\/\/primiciasclorinda.com\/?p=5064"},"modified":"2017-04-05T21:03:53","modified_gmt":"2017-04-05T21:03:53","slug":"capital-actos-por-el-aniversario-de-formosa","status":"publish","type":"post","link":"https:\/\/primiciasclorinda.com\/?p=5064","title":{"rendered":"Capital: actos por el Aniversario de Formosa"},"content":{"rendered":"<p><img loading=\"lazy\" decoding=\"async\" class=\"size-full wp-image-2255\" src=\"http:\/\/primiciasclorinda.com\/wp-content\/uploads\/2016\/05\/ALFREDO-ANONIO-JARA.jpg\" alt=\"\" width=\"574\" height=\"430\" srcset=\"https:\/\/primiciasclorinda.com\/wp-content\/uploads\/2016\/05\/ALFREDO-ANONIO-JARA.jpg 574w, https:\/\/primiciasclorinda.com\/wp-content\/uploads\/2016\/05\/ALFREDO-ANONIO-JARA-300x225.jpg 300w\" sizes=\"auto, (max-width: 574px) 100vw, 574px\" \/><\/p>\n<p style=\"text-align: justify;\">El subsecretario de Cultura, Alfredo Jara, se\u00f1al\u00f3 algunas de las actividades previstas por el 138\u00b0 Aniversario de la Fundaci\u00f3n de Formosa. \u201cEl viernes tenemos la Cantata Fundacional, que este a\u00f1o estrenar\u00e1 nuevo repertorio a cargo del coro y orquesta de m\u00fasica popular de la Provincia \u201cMaestro Oscar Cardozo Ocampo\u201d, la orquesta de Cuerdas, el Ballet Folkl\u00f3rico, la banda de m\u00fasica policial, m\u00fasicos de la banda militar del Regimiento 29, solistas que estar\u00e1n recreando los hitos de nuestra historia\u201d destac\u00f3.<br \/>\n<!--more--><br \/>\nAgreg\u00f3 que \u201cEl s\u00e1bado a las 9 horas el izamiento de pabellones en el M\u00e1stil Municipal, la recepci\u00f3n de ni\u00f1os que vendr\u00e1n a participar de la promesa a la bandera provincial. Este a\u00f1o habr\u00e1 m\u00e1s de 7.900 ni\u00f1os que prometieron lealtad a provincia y desfilando en el circuito de la Avenida N\u00e9stor Kirchner, a partir de las 17 horas\u201d.<\/p>\n<p style=\"text-align: justify;\">En ese marco, desde la Municipalidad se inform\u00f3 que se est\u00e1n ultimando los detalles para lo que ser\u00e1 la tradicional feria artesanal y comercial que se realizar\u00e1 el s\u00e1bado 8 y domingo 9 en la plaza San Mart\u00edn.<\/p>\n<p>En cuanto a los espect\u00e1culos musicales, el d\u00eda s\u00e1bado 8 estar\u00e1n actuando las siguientes agrupaciones de baile: Ra\u00edz Provinciana, Grito Argentino, Reminiscencias y Mart\u00edn Fierro. Luego har\u00e1n su presentaci\u00f3n en el escenario mayor: Oscar Ter\u00e1n, el grupo Quorum, Pilcomayo, L\u00e1zaro Caballero, Chango Fern\u00e1ndez e Inay Arias.<\/p>\n<p>El domingo 9 el espect\u00e1culo se iniciar\u00e1 a las 18 horas con la actuaci\u00f3n de Sin Rumbo, Dale Cumbia, Master Cumbia, Hernan Mareco, Javier Venica, Juanchi y Caroli y Federico Baldus.<\/p>\n","protected":false},"excerpt":{"rendered":"<div class=\"mh-excerpt\"><p>El subsecretario de Cultura, Alfredo Jara, se\u00f1al\u00f3 algunas de las actividades previstas por el 138\u00b0 Aniversario de la Fundaci\u00f3n de Formosa. \u201cEl viernes tenemos la <a class=\"mh-excerpt-more\" href=\"https:\/\/primiciasclorinda.com\/?p=5064\" title=\"Capital: actos por el Aniversario de Formosa\">[&#8230;]<\/a><\/p>\n<\/div>","protected":false},"author":3,"featured_media":0,"comment_status":"open","ping_status":"open","sticky":false,"template":"","format":"standard","meta":{"footnotes":""},"categories":[4],"tags":[402,23],"class_list":["post-5064","post","type-post","status-publish","format-standard","hentry","category-informacion-general","tag-aniversario-de-formosa","tag-formosa"],"_links":{"self":[{"href":"https:\/\/primiciasclorinda.com\/index.php?rest_route=\/wp\/v2\/posts\/5064","targetHints":{"allow":["GET"]}}],"collection":[{"href":"https:\/\/primiciasclorinda.com\/index.php?rest_route=\/wp\/v2\/posts"}],"about":[{"href":"https:\/\/primiciasclorinda.com\/index.php?rest_route=\/wp\/v2\/types\/post"}],"author":[{"embeddable":true,"href":"https:\/\/primiciasclorinda.com\/index.php?rest_route=\/wp\/v2\/users\/3"}],"replies":[{"embeddable":true,"href":"https:\/\/primiciasclorinda.com\/index.php?rest_route=%2Fwp%2Fv2%2Fcomments&post=5064"}],"version-history":[{"count":2,"href":"https:\/\/primiciasclorinda.com\/index.php?rest_route=\/wp\/v2\/posts\/5064\/revisions"}],"predecessor-version":[{"id":5066,"href":"https:\/\/primiciasclorinda.com\/index.php?rest_route=\/wp\/v2\/posts\/5064\/revisions\/5066"}],"wp:attachment":[{"href":"https:\/\/primiciasclorinda.com\/index.php?rest_route=%2Fwp%2Fv2%2Fmedia&parent=5064"}],"wp:term":[{"taxonomy":"category","embeddable":true,"href":"https:\/\/primiciasclorinda.com\/index.php?rest_route=%2Fwp%2Fv2%2Fcategories&post=5064"},{"taxonomy":"post_tag","embeddable":true,"href":"https:\/\/primiciasclorinda.com\/index.php?rest_route=%2Fwp%2Fv2%2Ftags&post=5064"}],"curies":[{"name":"wp","href":"https:\/\/api.w.org\/{rel}","templated":true}]}}