{"id":4814,"date":"2017-03-03T21:25:20","date_gmt":"2017-03-03T21:25:20","guid":{"rendered":"http:\/\/primiciasclorinda.com\/?p=4814"},"modified":"2017-03-06T22:10:00","modified_gmt":"2017-03-06T22:10:00","slug":"asamblea-de-ate-en-anses-clorinda-por-el-cese-de-tres-trabajadores","status":"publish","type":"post","link":"https:\/\/primiciasclorinda.com\/?p=4814","title":{"rendered":"Asamblea de ATE en ANSES Clorinda por el cese de tres trabajadores"},"content":{"rendered":"<p style=\"text-align: justify;\"><img loading=\"lazy\" decoding=\"async\" class=\"alignnone size-full wp-image-4816\" src=\"http:\/\/primiciasclorinda.com\/wp-content\/uploads\/2017\/03\/N\u00c9STOR-VAZUQUEZ-ATE.jpg\" alt=\"\" width=\"768\" height=\"432\" srcset=\"https:\/\/primiciasclorinda.com\/wp-content\/uploads\/2017\/03\/N\u00c9STOR-VAZUQUEZ-ATE.jpg 768w, https:\/\/primiciasclorinda.com\/wp-content\/uploads\/2017\/03\/N\u00c9STOR-VAZUQUEZ-ATE-300x169.jpg 300w\" sizes=\"auto, (max-width: 768px) 100vw, 768px\" \/><br \/>\nEl Consejo Directivo Provincial de ATE y delegados de la UDAI junto a los compa\u00f1eros de SECASFPI participaron ayer de una asamblea en la sede de la delegaci\u00f3n Clorinda en el contexto del conflicto gremial generado en virtud de la notificaci\u00f3n por parte de la patronal de la desvinculaci\u00f3n de este organismo de los compa\u00f1eros Centuri\u00f3n Natalia, Saldivar Carlos Iv\u00e1n y Pereira Silvio, a quienes se les venci\u00f3 el contrato de trabajo.<!--more--><\/p>\n<p style=\"text-align: justify;\">Por momentos se vivi\u00f3 un ambiente tenso cuando no se le permiti\u00f3 el ingreso a la prensa, esta decisi\u00f3n fue resuelta por ANSES Central, seg\u00fan las propias explicaciones de la Jefa de Oficina, Mar\u00eda Fernanda Insfr\u00e1n. Tambi\u00e9n hubo malestar por parte de la gente que estaba esperando por poder ingresar a la oficina, la atenci\u00f3n al p\u00fablico finaliz\u00f3 desde el momento que comenz\u00f3 la asamblea, cerca de las 11 horas.<\/p>\n<p style=\"text-align: justify;\">Vale decir que la asamblea se realiz\u00f3 finalmente con normalidad, en la misma estuvieron presentes los delegados gremiales, el titular de ATE Formosa N\u00e9stor V\u00e1zquez, el personal del ANSES y la Jefa de Oficina.<\/p>\n<p style=\"text-align: justify;\">El fin de la relaci\u00f3n laboral de los tres trabajadores con el organismo en cuesti\u00f3n deviene porque finaliza el contrato de trabajo. Si bien es cierto que la patronal no est\u00e1 obligada a renovar ning\u00fan contacto, esto forma parte de la precarizaci\u00f3n laboral que se registra en distintas dependencias del estado, provincial y nacional a lo largo de los \u00faltimos a\u00f1os.<\/p>\n<p style=\"text-align: justify;\">La misma se dio inicio con la lectura de las cartas documentos recibidas por los compa\u00f1eros donde se les comunica que cesan en su trabajo a partir del 31 de marzo.<\/p>\n<p style=\"text-align: justify;\">La asamblea manifest\u00f3 su solidaridad y total rechazo a los despidos compulsivos y sin causas de ning\u00fan tipo, denunciando adem\u00e1s el vaciamiento del sector de \u201cGesti\u00f3n de Beneficios\u201d donde hasta el mes de marzo trabajar\u00e1n estos compa\u00f1eros. Exigiendo a la patronal de marcha atr\u00e1s con esta medida arbitraria e injustificada. Adem\u00e1s se declaran en estado de alerta y asamblea permanente.<\/p>\n<p style=\"text-align: justify;\"><img loading=\"lazy\" decoding=\"async\" class=\"alignnone size-full wp-image-4817\" src=\"http:\/\/primiciasclorinda.com\/wp-content\/uploads\/2017\/03\/ANSES-ASAMBLEA.jpg\" alt=\"\" width=\"768\" height=\"432\" srcset=\"https:\/\/primiciasclorinda.com\/wp-content\/uploads\/2017\/03\/ANSES-ASAMBLEA.jpg 768w, https:\/\/primiciasclorinda.com\/wp-content\/uploads\/2017\/03\/ANSES-ASAMBLEA-300x169.jpg 300w\" sizes=\"auto, (max-width: 768px) 100vw, 768px\" \/><\/p>\n","protected":false},"excerpt":{"rendered":"<div class=\"mh-excerpt\"><p>El Consejo Directivo Provincial de ATE y delegados de la UDAI junto a los compa\u00f1eros de SECASFPI participaron ayer de una asamblea en la sede <a class=\"mh-excerpt-more\" href=\"https:\/\/primiciasclorinda.com\/?p=4814\" title=\"Asamblea de ATE en ANSES Clorinda por el cese de tres trabajadores\">[&#8230;]<\/a><\/p>\n<\/div>","protected":false},"author":3,"featured_media":0,"comment_status":"open","ping_status":"open","sticky":false,"template":"","format":"standard","meta":{"footnotes":""},"categories":[4,3],"tags":[216,897,898],"class_list":["post-4814","post","type-post","status-publish","format-standard","hentry","category-informacion-general","category-politica-economia","tag-anses","tag-anses-clorinda","tag-ate"],"_links":{"self":[{"href":"https:\/\/primiciasclorinda.com\/index.php?rest_route=\/wp\/v2\/posts\/4814","targetHints":{"allow":["GET"]}}],"collection":[{"href":"https:\/\/primiciasclorinda.com\/index.php?rest_route=\/wp\/v2\/posts"}],"about":[{"href":"https:\/\/primiciasclorinda.com\/index.php?rest_route=\/wp\/v2\/types\/post"}],"author":[{"embeddable":true,"href":"https:\/\/primiciasclorinda.com\/index.php?rest_route=\/wp\/v2\/users\/3"}],"replies":[{"embeddable":true,"href":"https:\/\/primiciasclorinda.com\/index.php?rest_route=%2Fwp%2Fv2%2Fcomments&post=4814"}],"version-history":[{"count":2,"href":"https:\/\/primiciasclorinda.com\/index.php?rest_route=\/wp\/v2\/posts\/4814\/revisions"}],"predecessor-version":[{"id":4818,"href":"https:\/\/primiciasclorinda.com\/index.php?rest_route=\/wp\/v2\/posts\/4814\/revisions\/4818"}],"wp:attachment":[{"href":"https:\/\/primiciasclorinda.com\/index.php?rest_route=%2Fwp%2Fv2%2Fmedia&parent=4814"}],"wp:term":[{"taxonomy":"category","embeddable":true,"href":"https:\/\/primiciasclorinda.com\/index.php?rest_route=%2Fwp%2Fv2%2Fcategories&post=4814"},{"taxonomy":"post_tag","embeddable":true,"href":"https:\/\/primiciasclorinda.com\/index.php?rest_route=%2Fwp%2Fv2%2Ftags&post=4814"}],"curies":[{"name":"wp","href":"https:\/\/api.w.org\/{rel}","templated":true}]}}