{"id":4702,"date":"2017-02-26T13:39:10","date_gmt":"2017-02-26T13:39:10","guid":{"rendered":"http:\/\/primiciasclorinda.com\/?p=4702"},"modified":"2017-02-27T21:47:03","modified_gmt":"2017-02-27T21:47:03","slug":"el-justicialismo-clorindense-homenajeo-a-peron","status":"publish","type":"post","link":"https:\/\/primiciasclorinda.com\/?p=4702","title":{"rendered":"El Justicialismo Clorindense homenaje\u00f3 a Per\u00f3n"},"content":{"rendered":"<p style=\"text-align: justify;\"><img loading=\"lazy\" decoding=\"async\" class=\"alignnone size-full wp-image-4703\" src=\"http:\/\/primiciasclorinda.com\/wp-content\/uploads\/2017\/02\/primer-triunfo-nota-1-1.jpg\" alt=\"\" width=\"739\" height=\"554\" srcset=\"https:\/\/primiciasclorinda.com\/wp-content\/uploads\/2017\/02\/primer-triunfo-nota-1-1.jpg 739w, https:\/\/primiciasclorinda.com\/wp-content\/uploads\/2017\/02\/primer-triunfo-nota-1-1-300x225.jpg 300w\" sizes=\"auto, (max-width: 739px) 100vw, 739px\" \/><\/p>\n<p style=\"text-align: justify;\">Recordaron el primer triunfo electoral de Per\u00f3n, autoridades locales del FpV, ex funcionarios, dirigentes, militantes, vecinos y coordinadores de diferentes sectores de la ciudad, como as\u00ed tambi\u00e9n referentes de diferentes fuerzas pol\u00edticas aliadas se reunieron en la noche del viernes en la sede del justicialismo de Clorinda para recordar tan importante fecha para todos aquellos que siguen de cerca la causa del m\u00e1ximo l\u00edder del movimiento nacional y popular \u00a0que recuerda la historia Argentina.<!--more--><\/p>\n<p style=\"text-align: justify;\">En la noche del viernes y como estaba previsto se realiz\u00f3 el acto recordatorio tras 71 a\u00f1os de aquella primera victoria en las urnas del entonces General Juan Domingo Per\u00f3n que lo llevar\u00eda a su primer mandato como presidente de todos los Argentinos.<\/p>\n<p style=\"text-align: justify;\">El dato resaltante de la noche fue la presencia en el lugar de una importante cantidad de j\u00f3venes, quienes acompa\u00f1aron a las autoridades presentes como el Diputado provincial Juan Domingo Caballero, el ex Intendente de Clorinda y actual Secretario General de la Jurisdiccional del Partido Justicialista de nuestra ciudad An\u00edbal Manuel Negretti, los concejales justicialistas, Perla Serv\u00edan, Andrea Gaete, Nicol\u00e1s Cabral y Nelson Guti\u00e9rrez, ex funcionarios, reconocidos dirigentes del \u00e1mbito local, coordinadores, y vecinos de clorinda.<\/p>\n<p style=\"text-align: justify;\">El desarrollo del acto se dio inicio con el recibimiento a las autoridades y a los presentes, inmediatamente se proyecto un interesante documental en el cual se narr\u00f3 los detalles de aquel 24 de febrero, con los problemas a los que se enfrentaba el general Per\u00f3n, quien a posteriori seria tres veces presidente de los Argentinos. El documental mostraba a un Per\u00f3n firme, contundente en sus decisiones y sabiendo perfectamente quienes eran los adversarios a vencer.<\/p>\n<p style=\"text-align: justify;\"><strong><u>Los discursos<\/u><\/strong><\/p>\n<p style=\"text-align: justify;\">La Profesora Azucena Santill\u00e1n tuvo a cargo primeramente las palabras alusivas a la fecha, quien realiz\u00f3 un resumen de la \u00e9poca pol\u00edtica que le toco vivir a Per\u00f3n y a todos los Argentinos. Comparo aquellos d\u00edas con los que vive el pa\u00eds actualmente e hizo hincapi\u00e9 en la crisis por la que atraviesa actualmente nuestro pa\u00eds, las personas que se quedaron sin trabajo como as\u00ed tambi\u00e9n las empresas que cierran sus puertas todos los d\u00edas.<\/p>\n<p style=\"text-align: justify;\">Posteriormente le toc\u00f3 el turno al concejal, doctor Nelson Guti\u00e9rrez, quien al referirse a los presentes detall\u00f3 el inicio de la vida pol\u00edtica de Per\u00f3n, de su primer triunfo en las urnas. Hizo un par\u00e9ntesis para hablar de la situaci\u00f3n actual por la que atraviesan los argentinos y critic\u00f3 las pol\u00edticas del gobierno nacional que lo \u00fanico que hace es, \u201csometer a la clase m\u00e1s vulnerable, los que menos tienen\u201d, puntualiz\u00f3 Guti\u00e9rrez.<\/p>\n<p style=\"text-align: justify;\">El concejal m\u00e1s adelante pidi\u00f3 a todos saber diferenciar el contexto nacional del provincial, \u201cporque la acci\u00f3n del gobernador Insfran transform\u00f3 la provincia a lo largo y a lo ancho del territorio\u201d. Guti\u00e9rrez tambi\u00e9n pidi\u00f3 el reconocimiento a la tarea realizada por el actual Senador de la Naci\u00f3n Jos\u00e9 Mayans, de quien dijo haber sabido defender \u201ccon hidalgu\u00eda y con valent\u00eda los destinos de la Naci\u00f3n, de la Patria, de la provincia y de Clorinda misma\u201d.<\/p>\n<p style=\"text-align: justify;\">Ya en el final, los presentes entonaron la marcha que identifica al movimiento peronista, dando asi por finalizado el acto.<\/p>\n<p style=\"text-align: justify;\"><img loading=\"lazy\" decoding=\"async\" class=\"alignnone size-full wp-image-4704\" src=\"http:\/\/primiciasclorinda.com\/wp-content\/uploads\/2017\/02\/primer-triunfo-nota-1-4.jpg\" alt=\"\" width=\"718\" height=\"480\" \/><\/p>\n<p style=\"text-align: justify;\"><img loading=\"lazy\" decoding=\"async\" class=\"alignnone size-full wp-image-4705\" src=\"http:\/\/primiciasclorinda.com\/wp-content\/uploads\/2017\/02\/primer-triunfo-nota-1-2.jpg\" alt=\"\" width=\"629\" height=\"420\" \/><\/p>\n<p style=\"text-align: justify;\">\n","protected":false},"excerpt":{"rendered":"<div class=\"mh-excerpt\"><p>Recordaron el primer triunfo electoral de Per\u00f3n, autoridades locales del FpV, ex funcionarios, dirigentes, militantes, vecinos y coordinadores de diferentes sectores de la ciudad, como <a class=\"mh-excerpt-more\" href=\"https:\/\/primiciasclorinda.com\/?p=4702\" title=\"El Justicialismo Clorindense homenaje\u00f3 a Per\u00f3n\">[&#8230;]<\/a><\/p>\n<\/div>","protected":false},"author":3,"featured_media":0,"comment_status":"open","ping_status":"open","sticky":false,"template":"","format":"standard","meta":{"footnotes":""},"categories":[3],"tags":[26,284,870],"class_list":["post-4702","post","type-post","status-publish","format-standard","hentry","category-politica-economia","tag-clorinda","tag-partido-justicialista","tag-peron"],"_links":{"self":[{"href":"https:\/\/primiciasclorinda.com\/index.php?rest_route=\/wp\/v2\/posts\/4702","targetHints":{"allow":["GET"]}}],"collection":[{"href":"https:\/\/primiciasclorinda.com\/index.php?rest_route=\/wp\/v2\/posts"}],"about":[{"href":"https:\/\/primiciasclorinda.com\/index.php?rest_route=\/wp\/v2\/types\/post"}],"author":[{"embeddable":true,"href":"https:\/\/primiciasclorinda.com\/index.php?rest_route=\/wp\/v2\/users\/3"}],"replies":[{"embeddable":true,"href":"https:\/\/primiciasclorinda.com\/index.php?rest_route=%2Fwp%2Fv2%2Fcomments&post=4702"}],"version-history":[{"count":1,"href":"https:\/\/primiciasclorinda.com\/index.php?rest_route=\/wp\/v2\/posts\/4702\/revisions"}],"predecessor-version":[{"id":4706,"href":"https:\/\/primiciasclorinda.com\/index.php?rest_route=\/wp\/v2\/posts\/4702\/revisions\/4706"}],"wp:attachment":[{"href":"https:\/\/primiciasclorinda.com\/index.php?rest_route=%2Fwp%2Fv2%2Fmedia&parent=4702"}],"wp:term":[{"taxonomy":"category","embeddable":true,"href":"https:\/\/primiciasclorinda.com\/index.php?rest_route=%2Fwp%2Fv2%2Fcategories&post=4702"},{"taxonomy":"post_tag","embeddable":true,"href":"https:\/\/primiciasclorinda.com\/index.php?rest_route=%2Fwp%2Fv2%2Ftags&post=4702"}],"curies":[{"name":"wp","href":"https:\/\/api.w.org\/{rel}","templated":true}]}}