{"id":46972,"date":"2025-11-22T08:36:44","date_gmt":"2025-11-22T11:36:44","guid":{"rendered":"https:\/\/primiciasclorinda.com\/?p=46972"},"modified":"2025-11-22T08:36:44","modified_gmt":"2025-11-22T11:36:44","slug":"el-ministro-rodriguez-explico-los-embargos-contra-paoltroni-y-puso-la-mira-en-su-crecimiento-patrimonial","status":"publish","type":"post","link":"https:\/\/primiciasclorinda.com\/?p=46972","title":{"rendered":"El ministro Rodr\u00edguez explic\u00f3 los embargos contra Paoltroni y puso la mira en su crecimiento patrimonial"},"content":{"rendered":"\n<p><strong><em>El ministro de la Producci\u00f3n y Ambiente de Formosa, Lucas Rodr\u00edguez, se refiri\u00f3 al avance de medidas judiciales sobre bienes e ingresos del senador nacional de La Libertad Avanza (LLA), Francisco Paoltroni, se\u00f1alando que tanto la Justicia Federal como la Provincial ejecutaron embargos en el marco de distintas causas, y que incluso el Senado de la Naci\u00f3n fue notificado como empleador del legislador.<\/em><\/strong><\/p>\n\n\n\n<p><strong>En declaraciones recogidas por la&nbsp;<em>Agencia de Noticias Formosa (AGENFOR)<\/em>, el funcionario provincial explic\u00f3 que una de las actuaciones se origin\u00f3 en expedientes administrativos del propio Ministerio, vinculados a desmontes \u2013o, en t\u00e9rminos t\u00e9cnicos, cambios de uso del suelo-, detectados por el sistema de alerta temprana de la Direcci\u00f3n de Registro, Control y Fiscalizaci\u00f3n, que utiliza im\u00e1genes satelitales para verificar si las actividades est\u00e1n o no autorizadas.<\/strong><\/p>\n\n\n\n<p><strong>\u201cSe cit\u00f3 a las firmas asociadas al senador Paoltroni para que hicieran su descargo. No hubo respuesta alguna. Ante la falta de presentaci\u00f3n, se avanz\u00f3 en la aplicaci\u00f3n de la multa correspondiente al da\u00f1o ambiental sin autorizaci\u00f3n\u201d, afirm\u00f3 el ministro Rodr\u00edguez, quien agreg\u00f3 que, al no abonarse las sanciones, la Fiscal\u00eda de Estado solicit\u00f3 su ejecuci\u00f3n judicial. \u201cCon ese argumento, la Justicia llev\u00f3 adelante los embargos recientemente\u201d, confirm\u00f3.<\/strong><\/p>\n\n\n\n<p><strong>Pol\u00e9mica por el patrimonio ganadero<\/strong><\/p>\n\n\n\n<p><strong>Rodr\u00edguez tambi\u00e9n se refiri\u00f3 al notable incremento de la hacienda vinculada al senador de LLA, se\u00f1alando que seg\u00fan datos del sector privado, Paoltroni habr\u00eda pasado de unas 141 cabezas de ganado a m\u00e1s de 3000 en un plazo reducido. \u201cEs un crecimiento exponencial que sorprende incluso dentro del propio sector ganadero, donde tasas tan altas son muy dif\u00edciles de alcanzar\u201d, se\u00f1al\u00f3.<\/strong><\/p>\n\n\n\n<p><strong>M\u00e1s adelante, sostuvo que, seg\u00fan referentes privados del sector, existen \u201cfuertes versiones\u201d que vinculan al senador con presuntas maniobras de comercializaci\u00f3n en negro de hacienda. \u201cObviamente la Justicia tendr\u00e1 que tomar cartas en el asunto\u201d, afirm\u00f3.<\/strong><\/p>\n\n\n\n<p><strong>El ministro Rodr\u00edguez concluy\u00f3 se\u00f1alando que los procesos administrativos y judiciales seguir\u00e1n su curso, remarcando que \u201ctodas las actividades agropecuarias tienen impacto ambiental, pero deben realizarse dentro de la ley y con la documentaci\u00f3n correspondiente\u201d, algo que, seg\u00fan indic\u00f3, no ocurri\u00f3 en los casos investigados.<\/strong><\/p>\n\n\n<figure class=\"wp-block-post-featured-image\"><img loading=\"lazy\" decoding=\"async\" width=\"950\" height=\"600\" src=\"https:\/\/primiciasclorinda.com\/wp-content\/uploads\/2025\/11\/Ministro-Rodriguez-con-marca.jpeg\" class=\"attachment-post-thumbnail size-post-thumbnail wp-post-image\" alt=\"\" style=\"object-fit:cover;\" srcset=\"https:\/\/primiciasclorinda.com\/wp-content\/uploads\/2025\/11\/Ministro-Rodriguez-con-marca.jpeg 950w, https:\/\/primiciasclorinda.com\/wp-content\/uploads\/2025\/11\/Ministro-Rodriguez-con-marca-300x189.jpeg 300w, https:\/\/primiciasclorinda.com\/wp-content\/uploads\/2025\/11\/Ministro-Rodriguez-con-marca-475x300.jpeg 475w, https:\/\/primiciasclorinda.com\/wp-content\/uploads\/2025\/11\/Ministro-Rodriguez-con-marca-768x485.jpeg 768w\" sizes=\"auto, (max-width: 950px) 100vw, 950px\" \/><\/figure>","protected":false},"excerpt":{"rendered":"<div class=\"mh-excerpt\"><p>El ministro de la Producci\u00f3n y Ambiente de Formosa, Lucas Rodr\u00edguez, se refiri\u00f3 al avance de medidas judiciales sobre bienes e ingresos del senador nacional <a class=\"mh-excerpt-more\" href=\"https:\/\/primiciasclorinda.com\/?p=46972\" title=\"El ministro Rodr\u00edguez explic\u00f3 los embargos contra Paoltroni y puso la mira en su crecimiento patrimonial\">[&#8230;]<\/a><\/p>\n<\/div>","protected":false},"author":3,"featured_media":46958,"comment_status":"open","ping_status":"open","sticky":false,"template":"","format":"standard","meta":{"footnotes":""},"categories":[3],"tags":[4820,5472],"class_list":["post-46972","post","type-post","status-publish","format-standard","has-post-thumbnail","hentry","category-politica-economia","tag-francisco-paoltroni","tag-ministro-rodriguez"],"_links":{"self":[{"href":"https:\/\/primiciasclorinda.com\/index.php?rest_route=\/wp\/v2\/posts\/46972","targetHints":{"allow":["GET"]}}],"collection":[{"href":"https:\/\/primiciasclorinda.com\/index.php?rest_route=\/wp\/v2\/posts"}],"about":[{"href":"https:\/\/primiciasclorinda.com\/index.php?rest_route=\/wp\/v2\/types\/post"}],"author":[{"embeddable":true,"href":"https:\/\/primiciasclorinda.com\/index.php?rest_route=\/wp\/v2\/users\/3"}],"replies":[{"embeddable":true,"href":"https:\/\/primiciasclorinda.com\/index.php?rest_route=%2Fwp%2Fv2%2Fcomments&post=46972"}],"version-history":[{"count":1,"href":"https:\/\/primiciasclorinda.com\/index.php?rest_route=\/wp\/v2\/posts\/46972\/revisions"}],"predecessor-version":[{"id":46973,"href":"https:\/\/primiciasclorinda.com\/index.php?rest_route=\/wp\/v2\/posts\/46972\/revisions\/46973"}],"wp:featuredmedia":[{"embeddable":true,"href":"https:\/\/primiciasclorinda.com\/index.php?rest_route=\/wp\/v2\/media\/46958"}],"wp:attachment":[{"href":"https:\/\/primiciasclorinda.com\/index.php?rest_route=%2Fwp%2Fv2%2Fmedia&parent=46972"}],"wp:term":[{"taxonomy":"category","embeddable":true,"href":"https:\/\/primiciasclorinda.com\/index.php?rest_route=%2Fwp%2Fv2%2Fcategories&post=46972"},{"taxonomy":"post_tag","embeddable":true,"href":"https:\/\/primiciasclorinda.com\/index.php?rest_route=%2Fwp%2Fv2%2Ftags&post=46972"}],"curies":[{"name":"wp","href":"https:\/\/api.w.org\/{rel}","templated":true}]}}