{"id":4667,"date":"2017-02-23T19:45:41","date_gmt":"2017-02-23T19:45:41","guid":{"rendered":"http:\/\/primiciasclorinda.com\/?p=4667"},"modified":"2017-02-23T19:45:41","modified_gmt":"2017-02-23T19:45:41","slug":"el-partido-justicialista-de-clorinda-recordara-el-primer-triunfo-de-peron","status":"publish","type":"post","link":"https:\/\/primiciasclorinda.com\/?p=4667","title":{"rendered":"El Partido Justicialista de Clorinda recordar\u00e1 el primer triunfo de Per\u00f3n"},"content":{"rendered":"<p style=\"text-align: justify;\"><img loading=\"lazy\" decoding=\"async\" class=\"alignnone size-full wp-image-4668\" src=\"http:\/\/primiciasclorinda.com\/wp-content\/uploads\/2017\/02\/primerperonismo.jpg\" alt=\"primerperonismo\" width=\"494\" height=\"311\" srcset=\"https:\/\/primiciasclorinda.com\/wp-content\/uploads\/2017\/02\/primerperonismo.jpg 494w, https:\/\/primiciasclorinda.com\/wp-content\/uploads\/2017\/02\/primerperonismo-300x189.jpg 300w\" sizes=\"auto, (max-width: 494px) 100vw, 494px\" \/><\/p>\n<p style=\"text-align: justify;\">Al cumplirse 71 a\u00f1os del triunfo de la f\u00f3rmula Per\u00f3n &#8211; Quijano, en las elecciones presidenciales realizadas el 24 de febrero de 1946, el equipo pol\u00edtico que conduce el Senador Nacional Jos\u00e9 Miguel \u00c1ngel Mayans realizar\u00e1 un acto recordatorio de tan significativo acontecimiento, conocido como el \u201cprimer triunfo peronista\u201d.<!--more-->\n<\/p>\n<p style=\"text-align: justify;\">El acto se llevar\u00e1 a cabo en la sede partidaria de avenida Belgrano y Las Piedras, este viernes a partir de las 20 horas y para ello se invita a toda la dirigencia partidaria y vecinos en general a participar del mismo.\n<\/p>\n<p style=\"text-align: justify;\">Ese 24 de febrero de 1946, el Partido Laborista con la f\u00f3rmula Per\u00f3n- Quijano enfrent\u00f3 a la f\u00f3rmula Tamborini- Mosca de la Uni\u00f3n Democr\u00e1tica que estaba integrada por radicales, dem\u00f3cratas-progresistas, socialistas y comunistas, todos unidos en oposici\u00f3n a qui\u00e9n, desde la Secretar\u00eda de Trabajo y Previsi\u00f3n, se hab\u00eda preocupado por las necesidades de los trabajadores.\n<\/p>\n<p style=\"text-align: justify;\">La posibilidad de que Per\u00f3n ganara dichas elecciones llev\u00f3, a sus detractores y opositores, a realizar una despiadada campa\u00f1a en su contra.\n<\/p>\n<p style=\"text-align: justify;\">Los trabajadores, sin embargo, fueron a votar ese d\u00eda haciendo caso a Per\u00f3n, quien les hab\u00eda advertido: \u00ab<strong><em>El voto es un derecho inalienable del ciudadano y ha de defenderse con la vida, si es preciso. Se descuenta que algunos patrones urbanos y campesinos pondr\u00e1n toda clase de obst\u00e1culos a sus trabajadores para evitar que voten. No concurra a ninguna fiesta a que inviten los patrones el d\u00eda 23. Es necesario que se quede en casa, y el 24, bien temprano, tome las medidas para llegar a la mesa en que ha de votar. Recurra a la tropa del Ej\u00e9rcito m\u00e1s pr\u00f3xima si alguien quiere presionarlo en ese sentido. Denuncie al expendedor de nafta que no le provea combustible. Evite todo incidente para impedir que lo detengan. No beba alcohol de ninguna especie el d\u00eda 24. Si el patr\u00f3n de la estancia, como lo han prometido algunos, le cierra las tranqueras con candado, rompa el candado o la tranquera o corte el alambrado y pase para cumplir con la Patria. Si el patr\u00f3n lo lleva a votar, acepte y luego haga su voluntad en el cuarto oscuro. Si no hay autom\u00f3viles ni camiones concurra a votar a pie, a caballo o en cualquier otra forma, pero no ceda ante nada\u00bb.<br \/>\n<\/em><\/strong><br \/>\nLos primeros c\u00f3mputos fueron favorables a la Uni\u00f3n Democr\u00e1tica por lo cual la oposici\u00f3n se acerc\u00f3 a la sede del gobierno a felicitar a las autoridades por lo que ellos consideraban \u201cla elecci\u00f3n m\u00e1s limpia de la historia\u201d.<\/p>\n<p>Con el correr de los d\u00edas, comenz\u00f3 a llegar el aluvi\u00f3n de votos del interior que defin\u00edan la elecci\u00f3n nacional a favor del Partido Laborista.<\/p>\n<p>La f\u00f3rmula Per\u00f3n-Quijano obtuvo finalmente el 56% de los votos emitidos mientras que la f\u00f3rmula opositora hab\u00eda ganado solamente en cuatro provincias. El resto del pa\u00eds daba por primera vez un triunfo abrumador al coronel Juan Per\u00f3n.\n<\/p>\n<p style=\"text-align: justify;\">La historia democr\u00e1tica de la Argentina, determina que desde ese d\u00eda el peronismo siempre lleg\u00f3 al gobierno de la Naci\u00f3n por el voto popular de la mayor\u00eda del pueblo argentino, sin proscripciones de personas ni de Partidos Pol\u00edticos. Tambi\u00e9n- la historia democr\u00e1tica argentina- marca que el general Per\u00f3n gan\u00f3 tres veces las elecciones nacionales present\u00e1ndose para Presidente de la Naci\u00f3n y que en dos de ellas fue desalojado -luego- del gobierno por golpes de estado.\n<\/p>\n<p style=\"text-align: justify;\">Desde la Jurisdiccional Clorinda expresaron que \u201cesta fecha tiene un significado muy importante para el peronismo y es propicio a\u00f1o a a\u00f1o reunirse y conmemorar c\u00f3mo lo hacemos nosotros, juntandonos coordinadores, dirigentes, j\u00f3venes, referentes sindicales, autoridades partidarias y representantes electos por el voto popular junto a nuestros vecinos y amigos que adhieren a este proyecto nacional y popular, cuya consigna siguen siendo la independencia econ\u00f3mica, la soberan\u00eda pol\u00edtica y la justicia social\u201d\n<\/p>\n<p style=\"text-align: justify;\">Por \u00faltimo, se reiter\u00f3 la invitaci\u00f3n a la reuni\u00f3n partidaria a llevarse a cabo el d\u00eda de la fecha a partir de las 20 horas en la sede ubicada sobre avenida Belgrano y las Piedras.<\/p>\n","protected":false},"excerpt":{"rendered":"<div class=\"mh-excerpt\"><p>Al cumplirse 71 a\u00f1os del triunfo de la f\u00f3rmula Per\u00f3n &#8211; Quijano, en las elecciones presidenciales realizadas el 24 de febrero de 1946, el equipo <a class=\"mh-excerpt-more\" href=\"https:\/\/primiciasclorinda.com\/?p=4667\" title=\"El Partido Justicialista de Clorinda recordar\u00e1 el primer triunfo de Per\u00f3n\">[&#8230;]<\/a><\/p>\n<\/div>","protected":false},"author":3,"featured_media":0,"comment_status":"open","ping_status":"open","sticky":false,"template":"","format":"standard","meta":{"footnotes":""},"categories":[3],"tags":[26,284,870],"class_list":["post-4667","post","type-post","status-publish","format-standard","hentry","category-politica-economia","tag-clorinda","tag-partido-justicialista","tag-peron"],"_links":{"self":[{"href":"https:\/\/primiciasclorinda.com\/index.php?rest_route=\/wp\/v2\/posts\/4667","targetHints":{"allow":["GET"]}}],"collection":[{"href":"https:\/\/primiciasclorinda.com\/index.php?rest_route=\/wp\/v2\/posts"}],"about":[{"href":"https:\/\/primiciasclorinda.com\/index.php?rest_route=\/wp\/v2\/types\/post"}],"author":[{"embeddable":true,"href":"https:\/\/primiciasclorinda.com\/index.php?rest_route=\/wp\/v2\/users\/3"}],"replies":[{"embeddable":true,"href":"https:\/\/primiciasclorinda.com\/index.php?rest_route=%2Fwp%2Fv2%2Fcomments&post=4667"}],"version-history":[{"count":1,"href":"https:\/\/primiciasclorinda.com\/index.php?rest_route=\/wp\/v2\/posts\/4667\/revisions"}],"predecessor-version":[{"id":4669,"href":"https:\/\/primiciasclorinda.com\/index.php?rest_route=\/wp\/v2\/posts\/4667\/revisions\/4669"}],"wp:attachment":[{"href":"https:\/\/primiciasclorinda.com\/index.php?rest_route=%2Fwp%2Fv2%2Fmedia&parent=4667"}],"wp:term":[{"taxonomy":"category","embeddable":true,"href":"https:\/\/primiciasclorinda.com\/index.php?rest_route=%2Fwp%2Fv2%2Fcategories&post=4667"},{"taxonomy":"post_tag","embeddable":true,"href":"https:\/\/primiciasclorinda.com\/index.php?rest_route=%2Fwp%2Fv2%2Ftags&post=4667"}],"curies":[{"name":"wp","href":"https:\/\/api.w.org\/{rel}","templated":true}]}}