{"id":44356,"date":"2025-11-18T09:04:24","date_gmt":"2025-11-18T12:04:24","guid":{"rendered":"https:\/\/primiciasclorinda.com\/?p=44356"},"modified":"2025-11-18T09:04:24","modified_gmt":"2025-11-18T12:04:24","slug":"clorinda-municipales-trabajaron-tras-la-tormenta-del-domingo-para-quitar-obstrucciones-en-la-via-publica","status":"publish","type":"post","link":"https:\/\/primiciasclorinda.com\/?p=44356","title":{"rendered":"Clorinda. Municipales trabajaron tras la tormenta del Domingo para quitar obstrucciones en la v\u00eda p\u00fablica"},"content":{"rendered":"\n<p><strong>Este domingo por la tarde se desato una fuerte tormenta en toda la zona, nuestra ciudad no quedo exenta de las fuertes r\u00e1fagas de viento que azotaron durante un tiempo a la segunda ciudad de la provincia y producto de eso se registraron varias ca\u00eddas de \u00e1rboles en distintos puntos, adem\u00e1s ca\u00edda de columnas de iluminaci\u00f3n publica y otros da\u00f1os que pon\u00edan en riesgo la circulaci\u00f3n por la v\u00eda p\u00fablica. Ante eso el equipo del comando de emergencia de manera inmediata se activ\u00f3 y sali\u00f3 a las calles.<\/strong><\/p>\n\n\n\n<p><strong>Los problemas principales estuvieron centrados en ca\u00eddas de \u00e1rboles, ante eso lo que realizaba el empleado municipal es cortar las ramas m\u00e1s dif\u00edciles e ir levantando a camiones para quitarlos de la ubicaci\u00f3n donde quedaron. Tambi\u00e9n agentes municipales ligados a la cuesti\u00f3n de energ\u00eda el\u00e9ctrica, de ambos grupos, salieron a levantar cables y columnas ca\u00eddas producto del temporal.<\/strong><\/p>\n\n\n\n<p><strong>Importantes da\u00f1os son los que se presentaron, aunque, m\u00e1s all\u00e1 de eso, de forma r\u00e1pida una vez m\u00e1s la mano de obra del municipio devolvi\u00f3 la normalidad a la ciudad apenas un par de horas despu\u00e9s, incluso en algunos domicilios particulares donde tambi\u00e9n hubo ciertos da\u00f1os producto de \u00e1rboles ca\u00eddos. Hoy las tareas contin\u00faan, pero principalmente para limpieza y quita de algunas ramas que quedaron pendientes de ayer tras liberar arterias.<\/strong><\/p>\n\n\n<figure class=\"wp-block-post-featured-image\"><img loading=\"lazy\" decoding=\"async\" width=\"950\" height=\"600\" src=\"https:\/\/primiciasclorinda.com\/wp-content\/uploads\/2025\/11\/IMG-20251116-WA0087-1536x864-1.jpg\" class=\"attachment-post-thumbnail size-post-thumbnail wp-post-image\" alt=\"\" style=\"object-fit:cover;\" srcset=\"https:\/\/primiciasclorinda.com\/wp-content\/uploads\/2025\/11\/IMG-20251116-WA0087-1536x864-1.jpg 950w, https:\/\/primiciasclorinda.com\/wp-content\/uploads\/2025\/11\/IMG-20251116-WA0087-1536x864-1-300x189.jpg 300w, https:\/\/primiciasclorinda.com\/wp-content\/uploads\/2025\/11\/IMG-20251116-WA0087-1536x864-1-475x300.jpg 475w, https:\/\/primiciasclorinda.com\/wp-content\/uploads\/2025\/11\/IMG-20251116-WA0087-1536x864-1-768x485.jpg 768w\" sizes=\"auto, (max-width: 950px) 100vw, 950px\" \/><\/figure>","protected":false},"excerpt":{"rendered":"<div class=\"mh-excerpt\"><p>Este domingo por la tarde se desato una fuerte tormenta en toda la zona, nuestra ciudad no quedo exenta de las fuertes r\u00e1fagas de viento <a class=\"mh-excerpt-more\" href=\"https:\/\/primiciasclorinda.com\/?p=44356\" title=\"Clorinda. Municipales trabajaron tras la tormenta del Domingo para quitar obstrucciones en la v\u00eda p\u00fablica\">[&#8230;]<\/a><\/p>\n<\/div>","protected":false},"author":3,"featured_media":44335,"comment_status":"open","ping_status":"open","sticky":false,"template":"","format":"standard","meta":{"footnotes":""},"categories":[5431],"tags":[26,5443],"class_list":["post-44356","post","type-post","status-publish","format-standard","has-post-thumbnail","hentry","category-clorinda","tag-clorinda","tag-noticias-municipales"],"_links":{"self":[{"href":"https:\/\/primiciasclorinda.com\/index.php?rest_route=\/wp\/v2\/posts\/44356","targetHints":{"allow":["GET"]}}],"collection":[{"href":"https:\/\/primiciasclorinda.com\/index.php?rest_route=\/wp\/v2\/posts"}],"about":[{"href":"https:\/\/primiciasclorinda.com\/index.php?rest_route=\/wp\/v2\/types\/post"}],"author":[{"embeddable":true,"href":"https:\/\/primiciasclorinda.com\/index.php?rest_route=\/wp\/v2\/users\/3"}],"replies":[{"embeddable":true,"href":"https:\/\/primiciasclorinda.com\/index.php?rest_route=%2Fwp%2Fv2%2Fcomments&post=44356"}],"version-history":[{"count":1,"href":"https:\/\/primiciasclorinda.com\/index.php?rest_route=\/wp\/v2\/posts\/44356\/revisions"}],"predecessor-version":[{"id":44357,"href":"https:\/\/primiciasclorinda.com\/index.php?rest_route=\/wp\/v2\/posts\/44356\/revisions\/44357"}],"wp:featuredmedia":[{"embeddable":true,"href":"https:\/\/primiciasclorinda.com\/index.php?rest_route=\/wp\/v2\/media\/44335"}],"wp:attachment":[{"href":"https:\/\/primiciasclorinda.com\/index.php?rest_route=%2Fwp%2Fv2%2Fmedia&parent=44356"}],"wp:term":[{"taxonomy":"category","embeddable":true,"href":"https:\/\/primiciasclorinda.com\/index.php?rest_route=%2Fwp%2Fv2%2Fcategories&post=44356"},{"taxonomy":"post_tag","embeddable":true,"href":"https:\/\/primiciasclorinda.com\/index.php?rest_route=%2Fwp%2Fv2%2Ftags&post=44356"}],"curies":[{"name":"wp","href":"https:\/\/api.w.org\/{rel}","templated":true}]}}