{"id":44344,"date":"2025-11-18T08:41:28","date_gmt":"2025-11-18T11:41:28","guid":{"rendered":"https:\/\/primiciasclorinda.com\/?p=44344"},"modified":"2025-11-18T08:41:28","modified_gmt":"2025-11-18T11:41:28","slug":"las-fiestas-de-fin-de-ano-en-formosa-salones-llenos-y-precios-casi-iguales-al-2024","status":"publish","type":"post","link":"https:\/\/primiciasclorinda.com\/?p=44344","title":{"rendered":"Las Fiestas de fin de a\u00f1o en Formosa: salones llenos y precios casi iguales al 2024"},"content":{"rendered":"\n<p><strong>COSTOS ESTABLES<\/strong><\/p>\n\n\n\n<p>Diciembre vuelve a posicionarse como el mes m\u00e1s fuerte para las celebraciones sociales en Formosa. Elisa Medina, propietaria de Medina Eventos, analiz\u00f3 c\u00f3mo viene la demanda, c\u00f3mo se sostienen los costos y qu\u00e9 modalidades de pago predominan en un a\u00f1o marcado por la incertidumbre econ\u00f3mica.<\/p>\n\n\n\n<p>La llegada de noviembre y diciembre marca, como cada a\u00f1o, la temporada m\u00e1s intensa para la organizaci\u00f3n de eventos sociales en Formosa. Fiestas de 15, recepciones, casamientos y despedidas de fin de a\u00f1o colman la agenda del sector, que vive sus semanas de mayor actividad.<\/p>\n\n\n\n<p>En di\u00e1logo con&nbsp;<strong>\u00abFormosa Mi Ciudad\u00bb de FM Espacios<\/strong>, Elisa Medina, propietaria de Medina Eventos, explic\u00f3 que desde mediados de a\u00f1o trabajan con una agenda pr\u00e1cticamente completa y que la demanda se mantuvo sostenida durante todo el 2025.<\/p>\n\n\n\n<p>Medina se\u00f1al\u00f3 que la modalidad de pago cambi\u00f3 dr\u00e1sticamente respecto de a\u00f1os anteriores. \u201cHoy es muy dif\u00edcil pagar todo junto. La mayor\u00eda de los contratos se hacen con un a\u00f1o o hasta dos a\u00f1os de anticipaci\u00f3n, con planes de pago mensuales\u201d, explic\u00f3.<\/p>\n\n\n\n<p>\u00abCerca del 90% de los eventos se financia en cuotas, un esquema que permite a las familias avanzar con los preparativos sin afrontar un desembolso \u00fanico\u00bb, agreg\u00f3 conforme.<\/p>\n\n\n\n<p>En cuanto a los costos, Medina afirm\u00f3 que&nbsp;<strong>los precios no variaron demasiado respecto del a\u00f1o pasado<\/strong>, debido a que la empresa decidi\u00f3 no trasladar aumentos mensuales. \u201cEste a\u00f1o hicimos un solo incremento, en julio, y se mantuvo hasta diciembre. Tratamos de absorber lo m\u00e1s posible porque tenemos todo propio, no alquilamos servicios externos\u201d, remarc\u00f3.<\/p>\n\n\n\n<p>Consultada sobre los valores actuales, indic\u00f3 que<strong>&nbsp;una fiesta de 15 a\u00f1os para 100 invitados ronda los 4 millones de pesos<\/strong>, siempre dependiendo de la calidad del servicio elegido y de los costos de comida y bebidas. Adem\u00e1s, advirti\u00f3 que hoy las celebraciones suelen ser m\u00e1s acotadas: donde antes hab\u00eda 150 o 200 invitados, ahora muchos eventos apenas superan los 80 asistentes.<\/p>\n\n\n\n<p><a href=\"https:\/\/www.guauformosa.com.ar\/noticias\/2025\/11\/04\/32522-se-anticipa-un-aumento-de-hasta-un-15por_ciento-en-el-precio-de-la-carne-para-las-fiestas-de-fin-de-ano\"><strong>Lee tambi\u00e9n: Se anticipa un aumento de hasta un 15% en el precio de la carne para las fiestas de fin de a\u00f1o<\/strong><\/a><\/p>\n\n\n\n<p>Respecto a las nuevas modalidades que adoptan algunos salones \u2014como permitir que el cliente lleve la comida o la bebida, o contratar servicios externos\u2014, Medina aclar\u00f3 que Medina Eventos no trabaja bajo ese formato, salvo en casos familiares o muy puntuales. \u201cTenemos un nombre que cuidar y no podemos garantizar la calidad si los servicios vienen de afuera\u201d, sostuvo.<\/p>\n\n\n\n<p>La agenda de diciembre, detall\u00f3,&nbsp;<strong>est\u00e1 pr\u00e1cticamente completa<\/strong>: \u201cSolo quedan libres algunos lunes o martes, que son los d\u00edas menos solicitados\u201d. Y la tendencia se replica en la competencia: otros salones tambi\u00e9n tienen la mayor\u00eda de las fechas cubiertas para recepciones y festejos de fin de a\u00f1o, incluso en un contexto econ\u00f3mico adverso.<\/p>\n\n\n\n<p>Medina destac\u00f3 que, pese a las dificultades, las familias siguen apostando por celebrar. \u201cPara una fiesta de 15, muchos padres juntan dinero durante a\u00f1os. Es un esfuerzo enorme y por eso la responsabilidad del organizador tiene que ser total\u201d, subray\u00f3<\/p>\n\n\n\n<p>En ese sentido, recomend\u00f3 a quienes contratan servicios que verifiquen siempre la seriedad de la empresa antes de iniciar un plan de pagos: \u201cEscucho muchos casos de gente que pag\u00f3 y cuando lleg\u00f3 la fecha descubri\u00f3 que no ten\u00edan ni sal\u00f3n reservado. Hay que tener mucho cuidado con d\u00f3nde se deposita el dinero\u201d.<\/p>\n\n\n\n<p>La empresaria asegur\u00f3 que&nbsp;<strong>la demanda se mantiene firme y que diciembre volver\u00e1 a ser un mes de actividad plena<\/strong>.&nbsp;Entre la planificaci\u00f3n anticipada, los planes de pago y el esfuerzo de las familias, el sector de eventos busca sostenerse y cerrar un a\u00f1o marcado por los desaf\u00edos econ\u00f3micos, pero tambi\u00e9n por las ganas de celebrar. [Guaudiariodigital]<\/p>\n\n\n<figure class=\"wp-block-post-featured-image\"><img loading=\"lazy\" decoding=\"async\" width=\"950\" height=\"600\" src=\"https:\/\/primiciasclorinda.com\/wp-content\/uploads\/2025\/11\/paralasfiestas-2.jpg\" class=\"attachment-post-thumbnail size-post-thumbnail wp-post-image\" alt=\"\" style=\"object-fit:cover;\" srcset=\"https:\/\/primiciasclorinda.com\/wp-content\/uploads\/2025\/11\/paralasfiestas-2.jpg 950w, https:\/\/primiciasclorinda.com\/wp-content\/uploads\/2025\/11\/paralasfiestas-2-300x189.jpg 300w, https:\/\/primiciasclorinda.com\/wp-content\/uploads\/2025\/11\/paralasfiestas-2-475x300.jpg 475w, https:\/\/primiciasclorinda.com\/wp-content\/uploads\/2025\/11\/paralasfiestas-2-768x485.jpg 768w\" sizes=\"auto, (max-width: 950px) 100vw, 950px\" \/><\/figure>","protected":false},"excerpt":{"rendered":"<div class=\"mh-excerpt\"><p>COSTOS ESTABLES Diciembre vuelve a posicionarse como el mes m\u00e1s fuerte para las celebraciones sociales en Formosa. Elisa Medina, propietaria de Medina Eventos, analiz\u00f3 c\u00f3mo <a class=\"mh-excerpt-more\" href=\"https:\/\/primiciasclorinda.com\/?p=44344\" title=\"Las Fiestas de fin de a\u00f1o en Formosa: salones llenos y precios casi iguales al 2024\">[&#8230;]<\/a><\/p>\n<\/div>","protected":false},"author":3,"featured_media":44332,"comment_status":"open","ping_status":"open","sticky":false,"template":"","format":"standard","meta":{"footnotes":""},"categories":[3],"tags":[5437,23],"class_list":["post-44344","post","type-post","status-publish","format-standard","has-post-thumbnail","hentry","category-politica-economia","tag-fiestas-fin-de-ano","tag-formosa"],"_links":{"self":[{"href":"https:\/\/primiciasclorinda.com\/index.php?rest_route=\/wp\/v2\/posts\/44344","targetHints":{"allow":["GET"]}}],"collection":[{"href":"https:\/\/primiciasclorinda.com\/index.php?rest_route=\/wp\/v2\/posts"}],"about":[{"href":"https:\/\/primiciasclorinda.com\/index.php?rest_route=\/wp\/v2\/types\/post"}],"author":[{"embeddable":true,"href":"https:\/\/primiciasclorinda.com\/index.php?rest_route=\/wp\/v2\/users\/3"}],"replies":[{"embeddable":true,"href":"https:\/\/primiciasclorinda.com\/index.php?rest_route=%2Fwp%2Fv2%2Fcomments&post=44344"}],"version-history":[{"count":1,"href":"https:\/\/primiciasclorinda.com\/index.php?rest_route=\/wp\/v2\/posts\/44344\/revisions"}],"predecessor-version":[{"id":44345,"href":"https:\/\/primiciasclorinda.com\/index.php?rest_route=\/wp\/v2\/posts\/44344\/revisions\/44345"}],"wp:featuredmedia":[{"embeddable":true,"href":"https:\/\/primiciasclorinda.com\/index.php?rest_route=\/wp\/v2\/media\/44332"}],"wp:attachment":[{"href":"https:\/\/primiciasclorinda.com\/index.php?rest_route=%2Fwp%2Fv2%2Fmedia&parent=44344"}],"wp:term":[{"taxonomy":"category","embeddable":true,"href":"https:\/\/primiciasclorinda.com\/index.php?rest_route=%2Fwp%2Fv2%2Fcategories&post=44344"},{"taxonomy":"post_tag","embeddable":true,"href":"https:\/\/primiciasclorinda.com\/index.php?rest_route=%2Fwp%2Fv2%2Ftags&post=44344"}],"curies":[{"name":"wp","href":"https:\/\/api.w.org\/{rel}","templated":true}]}}