{"id":43809,"date":"2025-11-17T08:10:06","date_gmt":"2025-11-17T11:10:06","guid":{"rendered":"https:\/\/primiciasclorinda.com\/?p=43809"},"modified":"2025-11-17T08:10:06","modified_gmt":"2025-11-17T11:10:06","slug":"fin-de-semana-extralargo-un-dia-no-laborable-y-un-feriado-daran-lugar-a-cuatro-dias-de-descanso","status":"publish","type":"post","link":"https:\/\/primiciasclorinda.com\/?p=43809","title":{"rendered":"Fin de semana extralargo: un d\u00eda no laborable y un feriado dar\u00e1n lugar a cuatro d\u00edas de descanso"},"content":{"rendered":"\n<p>En el ante\u00faltimo mes del a\u00f1o, el calendario oficial difundido por la Jefatura de Gabinete confirma que habr\u00e1 un fin de semana largo de cuatro d\u00edas. La combinaci\u00f3n de un d\u00eda no laborable y un feriado nacional permitir\u00e1 un per\u00edodo extendido de descanso que se desplegar\u00e1 desde el viernes 21 hasta el lunes 24 de noviembre.<\/p>\n\n\n\n<p>C\u00f3mo queda conformado el fin de semana largo<\/p>\n\n\n\n<p>\u2022 Viernes 21 de noviembre: d\u00eda no laborable con fines tur\u00edsticos. Ser\u00e1 optativo para cada empleador determinar si sus trabajadores deben asistir a sus puestos de trabajo.<br>\u2022 S\u00e1bado 22 y domingo 23: fin de semana habitual.<\/p>\n\n\n\n<p>\u2022 Lunes 24 de noviembre: feriado nacional por el D\u00eda de la Soberan\u00eda Nacional, trasladado desde su fecha original del jueves 20.<\/p>\n\n\n\n<p>El Gobierno tiene la potestad de establecer hasta tres fechas tur\u00edsticas al a\u00f1o, ya sea como feriados o d\u00edas no laborables. En 2025, ya se hab\u00edan asignado dos \u2014en mayo y agosto\u2014 y este ser\u00e1 el \u00faltimo del a\u00f1o.<\/p>\n\n\n\n<p>Por qu\u00e9 se conmemora el D\u00eda de la Soberan\u00eda Nacional<\/p>\n\n\n\n<p>Cada 20 de noviembre se recuerda la batalla de la Vuelta de Obligado (1845), un hecho clave en la defensa del territorio argentino. Ese d\u00eda, fuerzas anglo-francesas intentaron avanzar por el r\u00edo Paran\u00e1 para intervenir en los asuntos internos de la Confederaci\u00f3n Argentina, gobernada entonces por Juan Manuel de Rosas.<\/p>\n\n\n\n<p>El ej\u00e9rcito local, bajo el mando de Lucio Mansilla y con el respaldo pol\u00edtico de Jos\u00e9 de San Mart\u00edn, resisti\u00f3 durante siete horas pese a la inferioridad num\u00e9rica y tecnol\u00f3gica. La estrategia de bloquear el paso del estrecho de la Vuelta de Obligado fue determinante para frenar el avance enemigo y reafirmar la soberan\u00eda nacional.<\/p>\n\n\n\n<p>Feriado o d\u00eda no laborable: qu\u00e9 dice la ley<\/p>\n\n\n\n<p>La Ley de Contrato de Trabajo 20.744 distingue claramente estas dos figuras:<\/p>\n\n\n\n<p>\u2022 Feriados nacionales (art. 181): se aplican las normas del descanso dominical. Si el empleado trabaja, debe cobrar el doble de su jornada habitual.<\/p>\n\n\n\n<p>\u2022 D\u00edas no laborables (art. 182): son optativos para el empleador. Si se trabaja, se paga salario simple; si no, el trabajador igualmente cobra su remuneraci\u00f3n correspondiente.<\/p>\n\n\n\n<p>Qu\u00e9 feriados quedan en 2025<\/p>\n\n\n\n<p>Noviembre<br>\u2022 Viernes 21: d\u00eda no laborable con fines tur\u00edsticos.<\/p>\n\n\n\n<p>\u2022 Lunes 24: D\u00eda de la Soberan\u00eda Nacional (trasladado del 20).<\/p>\n\n\n\n<p>Diciembre<\/p>\n\n\n\n<p>\u2022 Lunes 8: D\u00eda de la Inmaculada Concepci\u00f3n de Mar\u00eda (feriado inamovible).<\/p>\n\n\n\n<p>\u2022 Jueves 25: Navidad (feriado inamovible).<\/p>\n\n\n\n<p>Esquema del pen\u00faltimo mes del a\u00f1o<\/p>\n\n\n\n<p>Con este esquema, noviembre ofrecer\u00e1 el \u00faltimo fin de semana extralargo del a\u00f1o, ideal para planificar viajes, actividades recreativas o simplemente descansar<\/p>\n\n\n<figure class=\"wp-block-post-featured-image\"><img loading=\"lazy\" decoding=\"async\" width=\"950\" height=\"600\" src=\"https:\/\/primiciasclorinda.com\/wp-content\/uploads\/2025\/11\/feriados-arg-1.jpg\" class=\"attachment-post-thumbnail size-post-thumbnail wp-post-image\" alt=\"\" style=\"object-fit:cover;\" srcset=\"https:\/\/primiciasclorinda.com\/wp-content\/uploads\/2025\/11\/feriados-arg-1.jpg 950w, https:\/\/primiciasclorinda.com\/wp-content\/uploads\/2025\/11\/feriados-arg-1-300x189.jpg 300w, https:\/\/primiciasclorinda.com\/wp-content\/uploads\/2025\/11\/feriados-arg-1-768x485.jpg 768w, https:\/\/primiciasclorinda.com\/wp-content\/uploads\/2025\/11\/feriados-arg-1-475x300.jpg 475w\" sizes=\"auto, (max-width: 950px) 100vw, 950px\" \/><\/figure>","protected":false},"excerpt":{"rendered":"<div class=\"mh-excerpt\"><p>En el ante\u00faltimo mes del a\u00f1o, el calendario oficial difundido por la Jefatura de Gabinete confirma que habr\u00e1 un fin de semana largo de cuatro <a class=\"mh-excerpt-more\" href=\"https:\/\/primiciasclorinda.com\/?p=43809\" title=\"Fin de semana extralargo: un d\u00eda no laborable y un feriado dar\u00e1n lugar a cuatro d\u00edas de descanso\">[&#8230;]<\/a><\/p>\n<\/div>","protected":false},"author":3,"featured_media":39150,"comment_status":"open","ping_status":"open","sticky":false,"template":"","format":"standard","meta":{"footnotes":""},"categories":[3],"tags":[],"class_list":["post-43809","post","type-post","status-publish","format-standard","has-post-thumbnail","hentry","category-politica-economia"],"_links":{"self":[{"href":"https:\/\/primiciasclorinda.com\/index.php?rest_route=\/wp\/v2\/posts\/43809","targetHints":{"allow":["GET"]}}],"collection":[{"href":"https:\/\/primiciasclorinda.com\/index.php?rest_route=\/wp\/v2\/posts"}],"about":[{"href":"https:\/\/primiciasclorinda.com\/index.php?rest_route=\/wp\/v2\/types\/post"}],"author":[{"embeddable":true,"href":"https:\/\/primiciasclorinda.com\/index.php?rest_route=\/wp\/v2\/users\/3"}],"replies":[{"embeddable":true,"href":"https:\/\/primiciasclorinda.com\/index.php?rest_route=%2Fwp%2Fv2%2Fcomments&post=43809"}],"version-history":[{"count":1,"href":"https:\/\/primiciasclorinda.com\/index.php?rest_route=\/wp\/v2\/posts\/43809\/revisions"}],"predecessor-version":[{"id":43810,"href":"https:\/\/primiciasclorinda.com\/index.php?rest_route=\/wp\/v2\/posts\/43809\/revisions\/43810"}],"wp:featuredmedia":[{"embeddable":true,"href":"https:\/\/primiciasclorinda.com\/index.php?rest_route=\/wp\/v2\/media\/39150"}],"wp:attachment":[{"href":"https:\/\/primiciasclorinda.com\/index.php?rest_route=%2Fwp%2Fv2%2Fmedia&parent=43809"}],"wp:term":[{"taxonomy":"category","embeddable":true,"href":"https:\/\/primiciasclorinda.com\/index.php?rest_route=%2Fwp%2Fv2%2Fcategories&post=43809"},{"taxonomy":"post_tag","embeddable":true,"href":"https:\/\/primiciasclorinda.com\/index.php?rest_route=%2Fwp%2Fv2%2Ftags&post=43809"}],"curies":[{"name":"wp","href":"https:\/\/api.w.org\/{rel}","templated":true}]}}