{"id":4337,"date":"2017-01-13T23:08:03","date_gmt":"2017-01-13T23:08:03","guid":{"rendered":"http:\/\/primiciasclorinda.com\/?p=4337"},"modified":"2017-01-13T23:08:21","modified_gmt":"2017-01-13T23:08:21","slug":"buryaile-critico-la-vieja-politica-que-presiona-dirigentes","status":"publish","type":"post","link":"https:\/\/primiciasclorinda.com\/?p=4337","title":{"rendered":"Buryaile critic\u00f3 la vieja pol\u00edtica que presiona dirigentes"},"content":{"rendered":"<p><iframe loading=\"lazy\" title=\"Buryaile visit\u00f3 Clorinda y se reuni\u00f3 con representantes de la C\u00e1mara de Comercio\" width=\"500\" height=\"375\" src=\"https:\/\/www.youtube.com\/embed\/6XdIwuMo998?feature=oembed\" frameborder=\"0\" allow=\"accelerometer; autoplay; clipboard-write; encrypted-media; gyroscope; picture-in-picture; web-share\" referrerpolicy=\"strict-origin-when-cross-origin\" allowfullscreen><\/iframe><\/p>\n<p style=\"text-align: justify;\">\nEn su visita a la ciudad de Clorinda el ministro de Agroindustria se refiri\u00f3 a la ausencia del Pte. de la C\u00e1mara de Comercio, Pedro Ort\u00edz, y la de algunos consejeros de la Cooperativa Clorinda. Como hab\u00eda trasendido esto habr\u00eda pasado por presiones desde el PJ local. <strong>Mir\u00e1 el video.\u00a0<\/strong><!--more--><\/p>\n<p style=\"text-align: justify;\">Buryaile critic\u00f3 la vieja forma de hacer pol\u00edtica de algunos sectores del PJ, de presionar y meter miedo a la gente. Como este medio inform\u00f3 un sector del Justicialismo de Clorinda intent\u00f3 bajar la reuni\u00f3n en la Cooperativa,\u00a0algo que no pas\u00f3 finalmente, pero s\u00ed hubo ausencias de autoridades.<\/p>\n<p style=\"text-align: justify;\">Algo similar pas\u00f3 en la C\u00e1mara de Comercio, el Pte Pedro Ort\u00edz no estuvo presente para recibir a un Ministro de la Naci\u00f3n. Dando pie a las especulaciones pol\u00edticas.<\/p>\n","protected":false},"excerpt":{"rendered":"<div class=\"mh-excerpt\"><p>En su visita a la ciudad de Clorinda el ministro de Agroindustria se refiri\u00f3 a la ausencia del Pte. de la C\u00e1mara de Comercio, Pedro <a class=\"mh-excerpt-more\" href=\"https:\/\/primiciasclorinda.com\/?p=4337\" title=\"Buryaile critic\u00f3 la vieja pol\u00edtica que presiona dirigentes\">[&#8230;]<\/a><\/p>\n<\/div>","protected":false},"author":3,"featured_media":0,"comment_status":"open","ping_status":"open","sticky":false,"template":"","format":"standard","meta":{"footnotes":""},"categories":[3],"tags":[26,298,22,57],"class_list":["post-4337","post","type-post","status-publish","format-standard","hentry","category-politica-economia","tag-clorinda","tag-pj","tag-ricardo-buryaile","tag-ucr"],"_links":{"self":[{"href":"https:\/\/primiciasclorinda.com\/index.php?rest_route=\/wp\/v2\/posts\/4337","targetHints":{"allow":["GET"]}}],"collection":[{"href":"https:\/\/primiciasclorinda.com\/index.php?rest_route=\/wp\/v2\/posts"}],"about":[{"href":"https:\/\/primiciasclorinda.com\/index.php?rest_route=\/wp\/v2\/types\/post"}],"author":[{"embeddable":true,"href":"https:\/\/primiciasclorinda.com\/index.php?rest_route=\/wp\/v2\/users\/3"}],"replies":[{"embeddable":true,"href":"https:\/\/primiciasclorinda.com\/index.php?rest_route=%2Fwp%2Fv2%2Fcomments&post=4337"}],"version-history":[{"count":2,"href":"https:\/\/primiciasclorinda.com\/index.php?rest_route=\/wp\/v2\/posts\/4337\/revisions"}],"predecessor-version":[{"id":4339,"href":"https:\/\/primiciasclorinda.com\/index.php?rest_route=\/wp\/v2\/posts\/4337\/revisions\/4339"}],"wp:attachment":[{"href":"https:\/\/primiciasclorinda.com\/index.php?rest_route=%2Fwp%2Fv2%2Fmedia&parent=4337"}],"wp:term":[{"taxonomy":"category","embeddable":true,"href":"https:\/\/primiciasclorinda.com\/index.php?rest_route=%2Fwp%2Fv2%2Fcategories&post=4337"},{"taxonomy":"post_tag","embeddable":true,"href":"https:\/\/primiciasclorinda.com\/index.php?rest_route=%2Fwp%2Fv2%2Ftags&post=4337"}],"curies":[{"name":"wp","href":"https:\/\/api.w.org\/{rel}","templated":true}]}}