{"id":4280,"date":"2017-01-06T20:46:47","date_gmt":"2017-01-06T20:46:47","guid":{"rendered":"http:\/\/primiciasclorinda.com\/?p=4280"},"modified":"2017-01-06T21:14:26","modified_gmt":"2017-01-06T21:14:26","slug":"jornada-de-confraternidad-entre-las-colonias-de-vacaciones-de-la-coop-y-de-gna","status":"publish","type":"post","link":"https:\/\/primiciasclorinda.com\/?p=4280","title":{"rendered":"Jornada de confraternidad entre las colonias de vacaciones de la Coop y de GNA"},"content":{"rendered":"<figure id=\"attachment_4281\" aria-describedby=\"caption-attachment-4281\" style=\"width: 960px\" class=\"wp-caption alignnone\"><img loading=\"lazy\" decoding=\"async\" class=\"wp-image-4281 size-full\" src=\"http:\/\/primiciasclorinda.com\/wp-content\/uploads\/2017\/01\/coop-colonias.jpg\" alt=\"coop-colonias\" width=\"960\" height=\"540\" \/><figcaption id=\"caption-attachment-4281\" class=\"wp-caption-text\">Los chicos compartieron la ma\u00f1ana en el predio de la Cooperativa Clorinda.<\/figcaption><\/figure>\n<p style=\"text-align: justify;\">En el polideportivo de la Cooperativa Clorinda se realiz\u00f3 una jornada de confraternidad entre la colonia de vacaciones de la Coop y la colonia de la Gendarmer\u00eda. Esta ma\u00f1ana cientos de chicos disfrutaron de la pileta, de juegos de recreaci\u00f3n y de canciones que compartieron con los profes.\u00a0<!--more--><\/p>\n<p style=\"text-align: justify;\">Manuel Gutierrez, profesor de la colonia que funciona en Gendarmer\u00eda Nacional, se manifest\u00f3 complacido por la participaci\u00f3n de los chicos, \u00abest\u00e1n disfrutando de una jornada especial porque ac\u00e1 comparten en muchos casos con sus compa\u00f1eros de escuela\u00bb. \u00abOjal\u00e1 que podamos seguir haciendo este tipo de encuentro, expres\u00f3 el profesor.<\/p>\n<p style=\"text-align: justify;\">En tanto que una de las profesoras de la colonia de Cooperativa destac\u00f3 la participaci\u00f3n de los padres que acompa\u00f1aron a los chicos, \u00abpor suerte el tiempo acompa\u00f1\u00f3 y pudimos realizar este encuentro entre las dos colonias\u00bb, manifest\u00f3 Erisa G\u00f3mez.<\/p>\n<figure id=\"attachment_4286\" aria-describedby=\"caption-attachment-4286\" style=\"width: 960px\" class=\"wp-caption alignnone\"><img loading=\"lazy\" decoding=\"async\" class=\"size-full wp-image-4286\" src=\"http:\/\/primiciasclorinda.com\/wp-content\/uploads\/2017\/01\/15895053_382872658725800_2584729685321652823_n.jpg\" alt=\"Jornada de confraternidad entre colonias. \" width=\"960\" height=\"540\" \/><figcaption id=\"caption-attachment-4286\" class=\"wp-caption-text\">Jornada de confraternidad entre colonias.<\/figcaption><\/figure>\n","protected":false},"excerpt":{"rendered":"<div class=\"mh-excerpt\"><p>En el polideportivo de la Cooperativa Clorinda se realiz\u00f3 una jornada de confraternidad entre la colonia de vacaciones de la Coop y la colonia de <a class=\"mh-excerpt-more\" href=\"https:\/\/primiciasclorinda.com\/?p=4280\" title=\"Jornada de confraternidad entre las colonias de vacaciones de la Coop y de GNA\">[&#8230;]<\/a><\/p>\n<\/div>","protected":false},"author":3,"featured_media":0,"comment_status":"open","ping_status":"open","sticky":false,"template":"","format":"standard","meta":{"footnotes":""},"categories":[4],"tags":[26,146,117],"class_list":["post-4280","post","type-post","status-publish","format-standard","hentry","category-informacion-general","tag-clorinda","tag-colonias-de-vacaciones","tag-cooperativa-clorinda"],"_links":{"self":[{"href":"https:\/\/primiciasclorinda.com\/index.php?rest_route=\/wp\/v2\/posts\/4280","targetHints":{"allow":["GET"]}}],"collection":[{"href":"https:\/\/primiciasclorinda.com\/index.php?rest_route=\/wp\/v2\/posts"}],"about":[{"href":"https:\/\/primiciasclorinda.com\/index.php?rest_route=\/wp\/v2\/types\/post"}],"author":[{"embeddable":true,"href":"https:\/\/primiciasclorinda.com\/index.php?rest_route=\/wp\/v2\/users\/3"}],"replies":[{"embeddable":true,"href":"https:\/\/primiciasclorinda.com\/index.php?rest_route=%2Fwp%2Fv2%2Fcomments&post=4280"}],"version-history":[{"count":4,"href":"https:\/\/primiciasclorinda.com\/index.php?rest_route=\/wp\/v2\/posts\/4280\/revisions"}],"predecessor-version":[{"id":4289,"href":"https:\/\/primiciasclorinda.com\/index.php?rest_route=\/wp\/v2\/posts\/4280\/revisions\/4289"}],"wp:attachment":[{"href":"https:\/\/primiciasclorinda.com\/index.php?rest_route=%2Fwp%2Fv2%2Fmedia&parent=4280"}],"wp:term":[{"taxonomy":"category","embeddable":true,"href":"https:\/\/primiciasclorinda.com\/index.php?rest_route=%2Fwp%2Fv2%2Fcategories&post=4280"},{"taxonomy":"post_tag","embeddable":true,"href":"https:\/\/primiciasclorinda.com\/index.php?rest_route=%2Fwp%2Fv2%2Ftags&post=4280"}],"curies":[{"name":"wp","href":"https:\/\/api.w.org\/{rel}","templated":true}]}}