{"id":42726,"date":"2025-11-15T12:30:08","date_gmt":"2025-11-15T15:30:08","guid":{"rendered":"https:\/\/primiciasclorinda.com\/?p=42726"},"modified":"2025-11-15T12:34:36","modified_gmt":"2025-11-15T15:34:36","slug":"clorinda-caniza-anuncio-recategorizacion-y-pase-a-nueva-categoria-a-aquellos-que-la-subrogaban","status":"publish","type":"post","link":"https:\/\/primiciasclorinda.com\/?p=42726","title":{"rendered":"Clorinda. Caniza anunci\u00f3 recategorizaci\u00f3n y pase a nueva categor\u00eda a aquellos que la subrogaban"},"content":{"rendered":"\n<p>En el acto por el d\u00eda del empleado municipal, el Intendente de Clorinda, Ariel Caniza, entre los saludos y reconocimientos a los municipales, se tom\u00f3 el tiempo de dar anuncios que fueron muy bien recibidos por la familia municipal. Primeramente, manifest\u00f3 que habr\u00e1 una recategorizaci\u00f3n para aquellos empleados que tienen 10 a\u00f1os o m\u00e1s dentro del municipio, sean de planta permanente o temporal y serian unos 350 agentes municipales los beneficiados, que a partir del 1 de enero del 2026 tendr\u00e1n este beneficio.<\/p>\n\n\n\n<p>La cuesti\u00f3n de la subrogaci\u00f3n de categor\u00edas tambi\u00e9n se regularizar\u00e1, esto quiere decir, por ejemplo, que si un empleado municipal de categor\u00eda 19, se encontraba subrogando la categor\u00eda 21, tambi\u00e9n a partir de estos cambios pasara directamente a formar parte de esa categor\u00eda, es decir la 21, siempre utilizando el ejemplo anterior. En este caso ser\u00eda m\u00e1s de 70 los beneficiados. Para estas medidas se estuvieron haciendo los estudios econ\u00f3micos correspondientes a fin de garantizar el poder sostener estas modificaciones econ\u00f3micas en favor del empleado.<\/p>\n\n\n\n<p>MORATORIA Durante la extensi\u00f3n del r\u00e9gimen especial de facilidades de pago, en el mes de diciembre, habr\u00e1 un pago especial de horas extra a los agentes de rentas, comercio y tribunal de faltas afectados a ese operativo especial; ellos tendr\u00e1n un adicional especial para ese periodo, el cual se abonar\u00e1 por d\u00eda<\/p>\n","protected":false},"excerpt":{"rendered":"<div class=\"mh-excerpt\"><p>En el acto por el d\u00eda del empleado municipal, el Intendente de Clorinda, Ariel Caniza, entre los saludos y reconocimientos a los municipales, se tom\u00f3 <a class=\"mh-excerpt-more\" href=\"https:\/\/primiciasclorinda.com\/?p=42726\" title=\"Clorinda. Caniza anunci\u00f3 recategorizaci\u00f3n y pase a nueva categor\u00eda a aquellos que la subrogaban\">[&#8230;]<\/a><\/p>\n<\/div>","protected":false},"author":3,"featured_media":42727,"comment_status":"open","ping_status":"open","sticky":false,"template":"","format":"standard","meta":{"footnotes":""},"categories":[4],"tags":[],"class_list":["post-42726","post","type-post","status-publish","format-standard","has-post-thumbnail","hentry","category-informacion-general"],"_links":{"self":[{"href":"https:\/\/primiciasclorinda.com\/index.php?rest_route=\/wp\/v2\/posts\/42726","targetHints":{"allow":["GET"]}}],"collection":[{"href":"https:\/\/primiciasclorinda.com\/index.php?rest_route=\/wp\/v2\/posts"}],"about":[{"href":"https:\/\/primiciasclorinda.com\/index.php?rest_route=\/wp\/v2\/types\/post"}],"author":[{"embeddable":true,"href":"https:\/\/primiciasclorinda.com\/index.php?rest_route=\/wp\/v2\/users\/3"}],"replies":[{"embeddable":true,"href":"https:\/\/primiciasclorinda.com\/index.php?rest_route=%2Fwp%2Fv2%2Fcomments&post=42726"}],"version-history":[{"count":4,"href":"https:\/\/primiciasclorinda.com\/index.php?rest_route=\/wp\/v2\/posts\/42726\/revisions"}],"predecessor-version":[{"id":42733,"href":"https:\/\/primiciasclorinda.com\/index.php?rest_route=\/wp\/v2\/posts\/42726\/revisions\/42733"}],"wp:featuredmedia":[{"embeddable":true,"href":"https:\/\/primiciasclorinda.com\/index.php?rest_route=\/wp\/v2\/media\/42727"}],"wp:attachment":[{"href":"https:\/\/primiciasclorinda.com\/index.php?rest_route=%2Fwp%2Fv2%2Fmedia&parent=42726"}],"wp:term":[{"taxonomy":"category","embeddable":true,"href":"https:\/\/primiciasclorinda.com\/index.php?rest_route=%2Fwp%2Fv2%2Fcategories&post=42726"},{"taxonomy":"post_tag","embeddable":true,"href":"https:\/\/primiciasclorinda.com\/index.php?rest_route=%2Fwp%2Fv2%2Ftags&post=42726"}],"curies":[{"name":"wp","href":"https:\/\/api.w.org\/{rel}","templated":true}]}}