{"id":42721,"date":"2025-11-15T11:58:21","date_gmt":"2025-11-15T14:58:21","guid":{"rendered":"https:\/\/primiciasclorinda.com\/?p=42721"},"modified":"2025-11-15T12:01:40","modified_gmt":"2025-11-15T15:01:40","slug":"clausula-transitoria-de-la-constitucion-provincial-tiene-todo-el-fundamento-juridico-afirmo-del-riccio","status":"publish","type":"post","link":"https:\/\/primiciasclorinda.com\/?p=42721","title":{"rendered":"Cl\u00e1usula transitoria de la Constituci\u00f3n Provincial: \u201cTiene todo el fundamento jur\u00eddico\u201d afirm\u00f3 Del Riccio"},"content":{"rendered":"\n<p class=\"has-text-align-left\">La licenciada Ana Mar\u00eda del Riccio, coordinadora de Asuntos Educativos de la Jefatura de Gabinete y exconvencional constituyente, se refiri\u00f3 a las recientes declaraciones del ex Procurador de Milei y juez de la Corte, Carlos Rodolfo Barra, quien consider\u00f3 que la cl\u00e1usula transitoria de la Nueva Carta Magna de Formosa es constitucional<\/p>\n\n\n\n<p class=\"has-text-align-left\">En este marco, Del Riccio reafirm\u00f3 la legalidad de una futura posible postulaci\u00f3n del gobernador Gildo Insfr\u00e1n en 2027, bas\u00e1ndose en la nueva Constituci\u00f3n de Formosa recientemente promulgada y destac\u00f3 que la Convenci\u00f3n Constituyente realiz\u00f3 \u201cun trabajo serio, reflexivo y responsable\u201d.<\/p>\n\n\n\n<p class=\"has-text-align-left\">Para esto, se remiti\u00f3 a la cl\u00e1usula incorporada en la Carta Magna Provincial que \u201cs\u00ed habilita al Gobernador para que pueda presentarse en 2027 si as\u00ed \u00e9l lo dispone\u201d, marcando que \u201cesa cl\u00e1usula est\u00e1 tambi\u00e9n en la Constituci\u00f3n Nacional y en la reforma de otras constituciones provinciales recientemente elaboradas\u201d y asegur\u00f3 que \u201ctiene todo el fundamento y argumento jur\u00eddico como lo ha dicho el doctor Barra (Carlos Rodolfo)\u201d.<\/p>\n\n\n\n<p class=\"has-text-align-left\">Asimismo, consider\u00f3 que a la oposici\u00f3n local \u201cles molesta el Modelo Formose\u00f1o, que es un modelo revolucionario de inclusi\u00f3n, cuyo postulado central es la justicia social\u201d, resaltando que \u201cen medio de esta coyuntura nacional, la oposici\u00f3n est\u00e1 del lado de una derecha conservadora\u201d.<\/p>\n\n\n\n<p class=\"has-text-align-left\">Y consider\u00f3 que la disputa es una \u201ccuesti\u00f3n ideol\u00f3gica, pol\u00edtica y cultural\u201d, contraponiendo el proyecto formose\u00f1o \u2013basado en la justicia social, la soberan\u00eda pol\u00edtica y la independencia econ\u00f3mica\u2013 con el modelo ultraliberal nacional \u201cque ellos \u2013 oposici\u00f3n local \u2013 apoyan\u201d.<\/p>\n\n\n\n<p class=\"has-text-align-left\">\u201cEstamos del lado de la justicia social, la independencia econ\u00f3mica y la soberan\u00eda pol\u00edtica\u201d, expres\u00f3, recordando que \u201cel antiperonismo siempre tuvo su identidad pol\u00edtica, y no es una cuesti\u00f3n nueva\u201d, sostuvo, trazando paralelos con momentos hist\u00f3ricos de la derecha conservadora en el pa\u00eds.<\/p>\n\n\n\n<p class=\"has-text-align-left\">De esta manera, ratific\u00f3 la importancia de \u201cseguir con mucha pasi\u00f3n y resistencia pol\u00edtica a este modelo nacional\u201d y afirm\u00f3 que \u201cla oposici\u00f3n no est\u00e1 detr\u00e1s de intereses particulares y lo \u00fanico que hemos escuchado es pedir la intervenci\u00f3n de la provincia y que el Gobernador no se presente m\u00e1s\u201d, agregando que esto es as\u00ed \u201cporque no le pueden ganar por los votos, entonces est\u00e1n viendo por otros medios a ver si pueden realizarlo\u201d.<\/p>\n\n\n<figure class=\"wp-block-post-featured-image\"><img loading=\"lazy\" decoding=\"async\" width=\"1280\" height=\"853\" src=\"https:\/\/primiciasclorinda.com\/wp-content\/uploads\/2025\/11\/WhatsApp-Image-2025-05-25-at-12.41.29.jpeg\" class=\"attachment-post-thumbnail size-post-thumbnail wp-post-image\" alt=\"\" style=\"object-fit:cover;\" srcset=\"https:\/\/primiciasclorinda.com\/wp-content\/uploads\/2025\/11\/WhatsApp-Image-2025-05-25-at-12.41.29.jpeg 1280w, https:\/\/primiciasclorinda.com\/wp-content\/uploads\/2025\/11\/WhatsApp-Image-2025-05-25-at-12.41.29-300x200.jpeg 300w, https:\/\/primiciasclorinda.com\/wp-content\/uploads\/2025\/11\/WhatsApp-Image-2025-05-25-at-12.41.29-450x300.jpeg 450w, https:\/\/primiciasclorinda.com\/wp-content\/uploads\/2025\/11\/WhatsApp-Image-2025-05-25-at-12.41.29-768x512.jpeg 768w\" sizes=\"auto, (max-width: 1280px) 100vw, 1280px\" \/><\/figure>","protected":false},"excerpt":{"rendered":"<div class=\"mh-excerpt\"><p>La licenciada Ana Mar\u00eda del Riccio, coordinadora de Asuntos Educativos de la Jefatura de Gabinete y exconvencional constituyente, se refiri\u00f3 a las recientes declaraciones del <a class=\"mh-excerpt-more\" href=\"https:\/\/primiciasclorinda.com\/?p=42721\" title=\"Cl\u00e1usula transitoria de la Constituci\u00f3n Provincial: \u201cTiene todo el fundamento jur\u00eddico\u201d afirm\u00f3 Del Riccio\">[&#8230;]<\/a><\/p>\n<\/div>","protected":false},"author":3,"featured_media":42723,"comment_status":"open","ping_status":"open","sticky":false,"template":"","format":"standard","meta":{"footnotes":""},"categories":[3],"tags":[],"class_list":["post-42721","post","type-post","status-publish","format-standard","has-post-thumbnail","hentry","category-politica-economia"],"_links":{"self":[{"href":"https:\/\/primiciasclorinda.com\/index.php?rest_route=\/wp\/v2\/posts\/42721","targetHints":{"allow":["GET"]}}],"collection":[{"href":"https:\/\/primiciasclorinda.com\/index.php?rest_route=\/wp\/v2\/posts"}],"about":[{"href":"https:\/\/primiciasclorinda.com\/index.php?rest_route=\/wp\/v2\/types\/post"}],"author":[{"embeddable":true,"href":"https:\/\/primiciasclorinda.com\/index.php?rest_route=\/wp\/v2\/users\/3"}],"replies":[{"embeddable":true,"href":"https:\/\/primiciasclorinda.com\/index.php?rest_route=%2Fwp%2Fv2%2Fcomments&post=42721"}],"version-history":[{"count":3,"href":"https:\/\/primiciasclorinda.com\/index.php?rest_route=\/wp\/v2\/posts\/42721\/revisions"}],"predecessor-version":[{"id":42724,"href":"https:\/\/primiciasclorinda.com\/index.php?rest_route=\/wp\/v2\/posts\/42721\/revisions\/42724"}],"wp:featuredmedia":[{"embeddable":true,"href":"https:\/\/primiciasclorinda.com\/index.php?rest_route=\/wp\/v2\/media\/42723"}],"wp:attachment":[{"href":"https:\/\/primiciasclorinda.com\/index.php?rest_route=%2Fwp%2Fv2%2Fmedia&parent=42721"}],"wp:term":[{"taxonomy":"category","embeddable":true,"href":"https:\/\/primiciasclorinda.com\/index.php?rest_route=%2Fwp%2Fv2%2Fcategories&post=42721"},{"taxonomy":"post_tag","embeddable":true,"href":"https:\/\/primiciasclorinda.com\/index.php?rest_route=%2Fwp%2Fv2%2Ftags&post=42721"}],"curies":[{"name":"wp","href":"https:\/\/api.w.org\/{rel}","templated":true}]}}