{"id":4189,"date":"2016-12-28T11:00:32","date_gmt":"2016-12-28T11:00:32","guid":{"rendered":"http:\/\/primiciasclorinda.com\/?p=4189"},"modified":"2016-12-28T11:00:32","modified_gmt":"2016-12-28T11:00:32","slug":"prat-gay-se-reune-hoy-con-su-sucesor-nicolas-dujovne-para-encarar-la-transicion-ministerial","status":"publish","type":"post","link":"https:\/\/primiciasclorinda.com\/?p=4189","title":{"rendered":"Prat Gay se re\u00fane hoy con su sucesor Nicol\u00e1s Dujovne para encarar la transici\u00f3n ministerial"},"content":{"rendered":"<figure id=\"attachment_650\" aria-describedby=\"caption-attachment-650\" style=\"width: 520px\" class=\"wp-caption alignnone\"><img loading=\"lazy\" decoding=\"async\" class=\"size-full wp-image-650\" src=\"http:\/\/primiciasclorinda.com\/wp-content\/uploads\/2016\/01\/pratgay.jpg\" alt=\"Prat Gay dej\u00f3 su cargo al frente del Ministerio de Econom\u00eda. \" width=\"520\" height=\"346\" srcset=\"https:\/\/primiciasclorinda.com\/wp-content\/uploads\/2016\/01\/pratgay.jpg 520w, https:\/\/primiciasclorinda.com\/wp-content\/uploads\/2016\/01\/pratgay-300x200.jpg 300w\" sizes=\"auto, (max-width: 520px) 100vw, 520px\" \/><figcaption id=\"caption-attachment-650\" class=\"wp-caption-text\">Prat Gay dej\u00f3 su cargo al frente del Ministerio de Econom\u00eda.<\/figcaption><\/figure>\n<p style=\"text-align: justify;\">\nAs\u00ed lo anunci\u00f3 en rueda de prensa el ministro saliente, al ratificar la continuidad de los funcionarios de su equipo que lo acompa\u00f1aron en poco m\u00e1s de un a\u00f1o de gesti\u00f3n, con excepci\u00f3n del secretario de Pol\u00edtica Econ\u00f3mica y Planificaci\u00f3n del Desarrollo del Ministerio, Pedro Lacoste.<!--more--><\/p>\n<p style=\"text-align: justify;\">El ministro de Hacienda y Finanzas, Alfonso Prat Gay, se reunir\u00e1 este mi\u00e9rcoles con Nicol\u00e1s Dujovne, uno de sus sucesores en el desdoblamiento de la cartera econ\u00f3mica, para encarar la transici\u00f3n hacia el 2 de enero, cuando se anuncia la asunci\u00f3n de los nuevos ministros.<\/p>\n<p style=\"text-align: justify;\">Tras realizar un balance de gesti\u00f3n y anunciar que el sinceramiento de capitales ya alcanz\u00f3 los 90.000 millones de d\u00f3lares registrados, Prat Gay dijo que el mi\u00e9rcoles se reunir\u00e1 con Dujovne en el Palacio de Hacienda y que est\u00e1 \u00aben contacto todos los d\u00edas\u00bb con su \u00abamigo\u00bb y actual secretario de Finanzas, Luis Caputo.<\/p>\n<p style=\"text-align: justify;\">El lunes el jefe de Gabinete, Marcos Pe\u00f1a, anunci\u00f3 que el presidente Mauricio Macri le solicit\u00f3 la renuncia a Prat Gay y dispuso el desdoblamiento de la cartera en los ministerios de Hacienda y Finanzas, para las cuales fueron nombrados Dujovne y Caputo, respectivamente.<\/p>\n<p style=\"text-align: justify;\">Dujovne es un economista de 49 a\u00f1os egresado de la Universidad de Buenos Aires (UBA) que, entre otras actividades, integr\u00f3 los equipos t\u00e9cnicos de la Fundaci\u00f3n Pensar, la usina de ideas del PRO que trabaj\u00f3 en el armado de las propuestas de pol\u00edticas que llevaron a Mauricio Macri a la Presidencia de la Naci\u00f3n.<\/p>\n<p style=\"text-align: justify;\">Se lo considera un t\u00e9cnico especialista en macroeconom\u00eda con experiencia en el sector p\u00fablico, particularmente en 1997 y 1998, cuando form\u00f3 parte del gabinete del entonces ministro de Econom\u00eda, Roque Fern\u00e1ndez.<\/p>\n<p style=\"text-align: justify;\">Respecto a la continuidad de los funcionarios que lo acompa\u00f1aron en el Ministerio, Prat Gay afirm\u00f3: \u00abla vocaci\u00f3n es que \u00ablos que est\u00e1n para seguir y hacer un aporte sigan\u00bb en los futuros equipos de gobierno, con excepci\u00f3n del que denomin\u00f3 su \u00abamigo del alma\u00bb el viceministro Lacoste.<\/p>\n","protected":false},"excerpt":{"rendered":"<div class=\"mh-excerpt\"><p>As\u00ed lo anunci\u00f3 en rueda de prensa el ministro saliente, al ratificar la continuidad de los funcionarios de su equipo que lo acompa\u00f1aron en poco <a class=\"mh-excerpt-more\" href=\"https:\/\/primiciasclorinda.com\/?p=4189\" title=\"Prat Gay se re\u00fane hoy con su sucesor Nicol\u00e1s Dujovne para encarar la transici\u00f3n ministerial\">[&#8230;]<\/a><\/p>\n<\/div>","protected":false},"author":3,"featured_media":0,"comment_status":"open","ping_status":"open","sticky":false,"template":"","format":"standard","meta":{"footnotes":""},"categories":[3],"tags":[775],"class_list":["post-4189","post","type-post","status-publish","format-standard","hentry","category-politica-economia","tag-alfonso-prat-gay"],"_links":{"self":[{"href":"https:\/\/primiciasclorinda.com\/index.php?rest_route=\/wp\/v2\/posts\/4189","targetHints":{"allow":["GET"]}}],"collection":[{"href":"https:\/\/primiciasclorinda.com\/index.php?rest_route=\/wp\/v2\/posts"}],"about":[{"href":"https:\/\/primiciasclorinda.com\/index.php?rest_route=\/wp\/v2\/types\/post"}],"author":[{"embeddable":true,"href":"https:\/\/primiciasclorinda.com\/index.php?rest_route=\/wp\/v2\/users\/3"}],"replies":[{"embeddable":true,"href":"https:\/\/primiciasclorinda.com\/index.php?rest_route=%2Fwp%2Fv2%2Fcomments&post=4189"}],"version-history":[{"count":1,"href":"https:\/\/primiciasclorinda.com\/index.php?rest_route=\/wp\/v2\/posts\/4189\/revisions"}],"predecessor-version":[{"id":4190,"href":"https:\/\/primiciasclorinda.com\/index.php?rest_route=\/wp\/v2\/posts\/4189\/revisions\/4190"}],"wp:attachment":[{"href":"https:\/\/primiciasclorinda.com\/index.php?rest_route=%2Fwp%2Fv2%2Fmedia&parent=4189"}],"wp:term":[{"taxonomy":"category","embeddable":true,"href":"https:\/\/primiciasclorinda.com\/index.php?rest_route=%2Fwp%2Fv2%2Fcategories&post=4189"},{"taxonomy":"post_tag","embeddable":true,"href":"https:\/\/primiciasclorinda.com\/index.php?rest_route=%2Fwp%2Fv2%2Ftags&post=4189"}],"curies":[{"name":"wp","href":"https:\/\/api.w.org\/{rel}","templated":true}]}}