{"id":3931,"date":"2016-11-24T17:05:20","date_gmt":"2016-11-24T17:05:20","guid":{"rendered":"http:\/\/primiciasclorinda.com\/?p=3931"},"modified":"2016-11-24T17:05:56","modified_gmt":"2016-11-24T17:05:56","slug":"quintana-destaco-la-evolucion-sostenida-de-la-ganaderia-formosena","status":"publish","type":"post","link":"https:\/\/primiciasclorinda.com\/?p=3931","title":{"rendered":"Quintana destac\u00f3 la \u201cevoluci\u00f3n sostenida de la ganader\u00eda formose\u00f1a\u201d"},"content":{"rendered":"<figure id=\"attachment_1049\" aria-describedby=\"caption-attachment-1049\" style=\"width: 678px\" class=\"wp-caption alignnone\"><img loading=\"lazy\" decoding=\"async\" class=\"wp-image-1049 size-full\" src=\"http:\/\/primiciasclorinda.com\/wp-content\/uploads\/2016\/02\/Quintana.jpg\" alt=\"Quintana\" width=\"678\" height=\"452\" \/><figcaption id=\"caption-attachment-1049\" class=\"wp-caption-text\">Ministro de la Producci\u00f3n y Ambiente, Ra\u00fal Quintana.<\/figcaption><\/figure>\n<p style=\"text-align: justify;\">Un nuevo y auspicioso remate de invernada, en esta oportunidad en la localidad de Comandante Fontana, fue el contexto para que la ganader\u00eda formose\u00f1a exhiba una vez m\u00e1s la creciente evoluci\u00f3n que, en forma sostenida, protagoniza hace varios a\u00f1os en todo el territorio provincial.<!--more--><\/p>\n<p style=\"text-align: justify;\">En coincidencia con la celebraci\u00f3n de los 40 a\u00f1os de la Sociedad Rural de Fontana, el remate concentr\u00f3 m\u00e1s de 760 cabezas pertenecientes a productores de la regi\u00f3n central de la provincia.<br \/>\nEl acto de apertura fue presidido por el intendente lugare\u00f1o Juan Carlos Jacquem\u00edn, el presidente de la Sociedad Rural, Mario Cabezas, el ministro de la Producci\u00f3n y Ambiente, Ra\u00fal Quintana, adem\u00e1s de legisladores y funcionarios provinciales y nacionales.<\/p>\n<p style=\"text-align: justify;\">En este marco con toda la comunidad rural presente, el ministro Quintana destac\u00f3 que \u201cen cada lugar donde nos acercamos tenemos la posibilidad de encontrarnos, darnos una mano y compartir estos momentos, y esto se mantiene en Formosa con todas las Sociedades Rurales, con las m\u00e1s de 46 asociaciones de peque\u00f1os productores distribuidos en todo el territorio, principalmente en el oeste donde no hab\u00eda posibilidades de generarlas y, sin embargo, hoy son parte de nuestra realidad\u201d.<\/p>\n<p style=\"text-align: justify;\">Adem\u00e1s record\u00f3 la participaci\u00f3n activa de las instituciones, \u201caqu\u00ed nos encontramos en el 2001 a mirar el yuyal porque se nos hab\u00eda ca\u00eddo el sistema comercial que ten\u00edamos y nos encontr\u00f3 con ese brote de aftosa que nos sacudi\u00f3 a todos, y en esta instituci\u00f3n donde generamos la nueva forma de trabajar en esa integraci\u00f3n entre el SENASA y las sociedades rurales m\u00e1s las gestiones del Gobierno provincial\u201d, comparando que en aquella \u00e9poca el stock ganadero no superaba las 100 mil cabezas y en la actualidad se encuentra por encima de las 170 mil cabezas.<\/p>\n<p style=\"text-align: justify;\">El ministro resalt\u00f3 que \u201cen ese rinc\u00f3n\u201d se produjo un importante desarrollo de la ganader\u00eda con inclusi\u00f3n, con equidad y aprovechando la enorme ventaja que tiene el Chaco Sudamericano \u201cdonde hay muy buenos suelos, se generan experiencias por parte de productores, se produce la mezcla de capacidades de trabajo, con gente que tuvo algunos avatares con la agricultura por tendencias del mono cultivo y esto pas\u00f3 y hay un cambio de uso de suelo transformado en pasturas, gran parte de la 540 mil hect\u00e1reas de pasturas que hay en Formosa se han producido en el centro de la provincia\u201d.<\/p>\n<p style=\"text-align: justify;\">Con precios que volvieron a destacarse en la plaza regional, los terneros trazados alcanzaron un promedio de 35,40 pesos; los terneros sin trazar 31,29 pesos; las terneras trazadas 34,96 pesos y terneras sin trazar 33,33 pesos. Por su parte, la categor\u00eda novillitos sin trazar logro un precio promedio de 28,18 pesos; los novillitos trazados 29,02 pesos y las vaquillonas trazadas 28,89. En el caso de los toros reproductores brangus se comercializaron a 46.500 pesos, mientras que los machos brahm\u00e1n se pagaron 39.000 pesos en promedio.<\/p>\n<p style=\"text-align: justify;\">En este marco, Quintana celebr\u00f3 la evoluci\u00f3n sostenida de la actividad pecuaria y la duplicaci\u00f3n del stock ganadero en la provincia. Asimismo, reafirm\u00f3 la confianza, credibilidad y el trabajo de los productores que con la presencia del Gobierno nacional y provincial van a hacer que los productores tengan el mejor precio \u201cy nosotros seguiremos acompa\u00f1ando para que eso ocurra\u201d.<\/p>\n<p style=\"text-align: justify;\">El coordinador Ejecutivo del PAIPPA, Carlos Sotelo, coment\u00f3 \u201cestamos presentes con una muestra de ovinos Santa In\u00e9s, innovaci\u00f3n que propone la instituci\u00f3n, un centro de multiplicaci\u00f3n en el IPAF NEA, vamos a satisfacer la demanda que hay en cuanto a los reproductores de los productores ovinos de la provincia de Formosa\u201d, agregando que \u201cuna enorme satisfacci\u00f3n ser parte de la expo y remate Fontana por el 40 aniversario\u201d.<\/p>\n<p style=\"text-align: justify;\">Tambi\u00e9n por la consignataria Madel\u00e1n S.A. , ingeniero Tomas Bahillo, agreg\u00f3 \u201cpudimos encerrar alrededor de 800 cabezas, el desarrollo de Formosa es incre\u00edble, hace m\u00e1s de 10 a\u00f1os que estamos en la provincia operando en remates con comercializaci\u00f3n directa\u201d.<\/p>\n<p style=\"text-align: justify;\">En ese sentido resalt\u00f3 que: \u201cEs impresionante el desarrollo en el Centro Oeste con la incorporaci\u00f3n de pasturas, con desmonte ordenado, y controlado por la provincia y la naci\u00f3n. Esto permiti\u00f3 la duplicaci\u00f3n del stock ganadero de la provincia en alrededor de 10 a\u00f1os, lo que es maravilloso. La ganader\u00eda es algo que econ\u00f3micamente desarrolla a la gente, aporta trabajo rural y hace que la familia quede en el campo\u201d.<\/p>\n","protected":false},"excerpt":{"rendered":"<div class=\"mh-excerpt\"><p>Un nuevo y auspicioso remate de invernada, en esta oportunidad en la localidad de Comandante Fontana, fue el contexto para que la ganader\u00eda formose\u00f1a exhiba <a class=\"mh-excerpt-more\" href=\"https:\/\/primiciasclorinda.com\/?p=3931\" title=\"Quintana destac\u00f3 la \u201cevoluci\u00f3n sostenida de la ganader\u00eda formose\u00f1a\u201d\">[&#8230;]<\/a><\/p>\n<\/div>","protected":false},"author":3,"featured_media":0,"comment_status":"open","ping_status":"open","sticky":false,"template":"","format":"standard","meta":{"footnotes":""},"categories":[4],"tags":[23,730],"class_list":["post-3931","post","type-post","status-publish","format-standard","hentry","category-informacion-general","tag-formosa","tag-raul-quintana"],"_links":{"self":[{"href":"https:\/\/primiciasclorinda.com\/index.php?rest_route=\/wp\/v2\/posts\/3931","targetHints":{"allow":["GET"]}}],"collection":[{"href":"https:\/\/primiciasclorinda.com\/index.php?rest_route=\/wp\/v2\/posts"}],"about":[{"href":"https:\/\/primiciasclorinda.com\/index.php?rest_route=\/wp\/v2\/types\/post"}],"author":[{"embeddable":true,"href":"https:\/\/primiciasclorinda.com\/index.php?rest_route=\/wp\/v2\/users\/3"}],"replies":[{"embeddable":true,"href":"https:\/\/primiciasclorinda.com\/index.php?rest_route=%2Fwp%2Fv2%2Fcomments&post=3931"}],"version-history":[{"count":2,"href":"https:\/\/primiciasclorinda.com\/index.php?rest_route=\/wp\/v2\/posts\/3931\/revisions"}],"predecessor-version":[{"id":3933,"href":"https:\/\/primiciasclorinda.com\/index.php?rest_route=\/wp\/v2\/posts\/3931\/revisions\/3933"}],"wp:attachment":[{"href":"https:\/\/primiciasclorinda.com\/index.php?rest_route=%2Fwp%2Fv2%2Fmedia&parent=3931"}],"wp:term":[{"taxonomy":"category","embeddable":true,"href":"https:\/\/primiciasclorinda.com\/index.php?rest_route=%2Fwp%2Fv2%2Fcategories&post=3931"},{"taxonomy":"post_tag","embeddable":true,"href":"https:\/\/primiciasclorinda.com\/index.php?rest_route=%2Fwp%2Fv2%2Ftags&post=3931"}],"curies":[{"name":"wp","href":"https:\/\/api.w.org\/{rel}","templated":true}]}}