{"id":39149,"date":"2025-11-10T08:31:00","date_gmt":"2025-11-10T11:31:00","guid":{"rendered":"http:\/\/primiciasclorinda.com\/?p=39149"},"modified":"2025-11-10T08:31:00","modified_gmt":"2025-11-10T11:31:00","slug":"cambia-el-feriado-de-noviembre-el-gobierno-definio-si-se-trasladara-el-asueto-del-20-y-habra-fin-de-semana-largo","status":"publish","type":"post","link":"https:\/\/primiciasclorinda.com\/?p=39149","title":{"rendered":"Cambia el feriado de noviembre: el Gobierno defini\u00f3 si se trasladar\u00e1 el asueto del 20 y habr\u00e1 fin de semana largo"},"content":{"rendered":"<p style=\"text-align: justify;\">Desde el Gobierno nacional informaron qu\u00e9 pasar\u00e1 con el feriado del jueves 20 de noviembre y si se mover\u00e1 en beneficio de los trabajadores.<\/p>\n<p style=\"text-align: justify;\">Miles de argentinos esperan con ansias los feriados de noviembre para poder descansar durante varios d\u00edas seguidos o realizar alguna escapada. En este contexto, muchos se preguntan si el asueto del jueves 20 por el D\u00eda de la Soberan\u00eda Nacional se trasladar\u00e1 para formar un fin de semana XXL.<\/p>\n<p style=\"text-align: justify;\">El calendario publicado por el Gobierno nacional en su p\u00e1gina oficial dio precisiones sobre qu\u00e9 pasar\u00e1 con la fecha y si se mover\u00e1 en beneficio de los trabajadores<\/p>\n<p style=\"text-align: justify;\">Qu\u00e9 pasar\u00e1 con el feriado del jueves 20 de noviembre<br \/>\nEl 20 de noviembre se conmemorar\u00e1 el D\u00eda de la Soberan\u00eda Nacional, la cual recuerda a los h\u00e9roes que dieron su vida en la batalla de la Vuelta de Obligado en 1845.<br \/>\nLa p\u00e1gina oficial del Gobierno indica que los feriados \u201cque coincidan con los d\u00edas jueves y viernes ser\u00e1n trasladados al d\u00eda lunes siguiente\u201d.<br \/>\nSin embargo, el viernes 21 ya es asueto por d\u00eda no laborable por fines tur\u00edsticos. De esta manera, se terminar\u00e1 trasladando al lunes 24 para formar un fin de semana de cuatro d\u00edas.<\/p>\n<p style=\"text-align: justify;\">\u00bfEs feriado obligatorio el viernes 21 de noviembre?<br \/>\nCabe resaltar que el viernes 21 de noviembre es d\u00eda no laborable por fines tur\u00edsticos, lo que significa que la decisi\u00f3n de no prestar servicios quedar\u00e1 en manos de los empleadores.<br \/>\nLa Ley de Contrato de Trabajo da precisiones sobre este tema. \u201cEn los d\u00edas no laborables, el trabajo ser\u00e1 optativo para el empleador, salvo en bancos, seguros y actividades afines, conforme lo determine la reglamentaci\u00f3n\u201d, se\u00f1ala el texto.<\/p>\n<p style=\"text-align: justify;\">Cu\u00e1l es la diferencia entre un d\u00eda no laborable y un feriado<br \/>\nSe debe tener en consideraci\u00f3n que un feriado nacional es un d\u00eda de descanso obligatorio. En caso prestar servicios, le corresponder\u00e1 al trabajador un pago doble a los empleados.<\/p>\n<p style=\"text-align: justify;\">En caso de los d\u00edas no laborables, la decisi\u00f3n de dar d\u00eda libre corresponde al empleador. En caso se trabaje, le corresponder\u00e1 su salario habitual sin adicionales.<\/p>\n<p style=\"text-align: justify;\">Qu\u00e9 feriados quedan en 2025<br \/>\nFeriados inamovibles<br \/>\n\u2022 Lunes 8 de diciembre: D\u00eda de la Inmaculada Concepci\u00f3n de Mar\u00eda.<br \/>\n\u2022 Jueves 25 de diciembre: Navidad.<\/p>\n<p style=\"text-align: justify;\">Feriados trasladables<br \/>\n\u2022 Lunes 24 de noviembre: D\u00eda de la Soberan\u00eda Nacional.<br \/>\nFeriados con fines tur\u00edsticos<br \/>\n\u2022 Viernes 21 de noviembre: Feriado con fines tur\u00edsticos.<\/p>\n","protected":false},"excerpt":{"rendered":"<div class=\"mh-excerpt\"><p>Desde el Gobierno nacional informaron qu\u00e9 pasar\u00e1 con el feriado del jueves 20 de noviembre y si se mover\u00e1 en beneficio de los trabajadores. Miles <a class=\"mh-excerpt-more\" href=\"https:\/\/primiciasclorinda.com\/?p=39149\" title=\"Cambia el feriado de noviembre: el Gobierno defini\u00f3 si se trasladar\u00e1 el asueto del 20 y habr\u00e1 fin de semana largo\">[&#8230;]<\/a><\/p>\n<\/div>","protected":false},"author":3,"featured_media":39150,"comment_status":"open","ping_status":"open","sticky":false,"template":"","format":"standard","meta":{"footnotes":""},"categories":[3],"tags":[5428],"class_list":["post-39149","post","type-post","status-publish","format-standard","has-post-thumbnail","hentry","category-politica-economia","tag-feriados-en-argentina"],"_links":{"self":[{"href":"https:\/\/primiciasclorinda.com\/index.php?rest_route=\/wp\/v2\/posts\/39149","targetHints":{"allow":["GET"]}}],"collection":[{"href":"https:\/\/primiciasclorinda.com\/index.php?rest_route=\/wp\/v2\/posts"}],"about":[{"href":"https:\/\/primiciasclorinda.com\/index.php?rest_route=\/wp\/v2\/types\/post"}],"author":[{"embeddable":true,"href":"https:\/\/primiciasclorinda.com\/index.php?rest_route=\/wp\/v2\/users\/3"}],"replies":[{"embeddable":true,"href":"https:\/\/primiciasclorinda.com\/index.php?rest_route=%2Fwp%2Fv2%2Fcomments&post=39149"}],"version-history":[{"count":1,"href":"https:\/\/primiciasclorinda.com\/index.php?rest_route=\/wp\/v2\/posts\/39149\/revisions"}],"predecessor-version":[{"id":39151,"href":"https:\/\/primiciasclorinda.com\/index.php?rest_route=\/wp\/v2\/posts\/39149\/revisions\/39151"}],"wp:featuredmedia":[{"embeddable":true,"href":"https:\/\/primiciasclorinda.com\/index.php?rest_route=\/wp\/v2\/media\/39150"}],"wp:attachment":[{"href":"https:\/\/primiciasclorinda.com\/index.php?rest_route=%2Fwp%2Fv2%2Fmedia&parent=39149"}],"wp:term":[{"taxonomy":"category","embeddable":true,"href":"https:\/\/primiciasclorinda.com\/index.php?rest_route=%2Fwp%2Fv2%2Fcategories&post=39149"},{"taxonomy":"post_tag","embeddable":true,"href":"https:\/\/primiciasclorinda.com\/index.php?rest_route=%2Fwp%2Fv2%2Ftags&post=39149"}],"curies":[{"name":"wp","href":"https:\/\/api.w.org\/{rel}","templated":true}]}}