{"id":39139,"date":"2025-11-10T08:22:29","date_gmt":"2025-11-10T11:22:29","guid":{"rendered":"http:\/\/primiciasclorinda.com\/?p=39139"},"modified":"2025-11-10T08:22:29","modified_gmt":"2025-11-10T11:22:29","slug":"el-colorado-exitoso-fam-tour-entre-la-riqueza-de-los-paisajes-naturales-a-orillas-del-rio-bermejo","status":"publish","type":"post","link":"https:\/\/primiciasclorinda.com\/?p=39139","title":{"rendered":"El Colorado: Exitoso \u201cfam tour\u201d entre la riqueza de los paisajes naturales a orillas del r\u00edo Bermejo"},"content":{"rendered":"<p style=\"text-align: justify;\">En la jornada de este jueves 6 se realiz\u00f3 un \u201cfam tour\u201d en la localidad de El Colorado, junto al equipo t\u00e9cnico del Ministerio de Turismo, la Municipalidad y representantes del sector privado: agencias de viajes, prestadores gastron\u00f3micos y hoteleros.<\/p>\n<p style=\"text-align: justify;\">Cabe resaltar que un \u201cfam tour\u201d es un viaje de familiarizaci\u00f3n que se ofrece a profesionales del turismo, como agentes de viajes y prensa, para que experimenten de primera mano un destino, producto o servicio.<br \/>\nEn el caso de El Colorado, el recorrido por distintos establecimientos e infraestructuras tur\u00edsticas permiti\u00f3 visibilizar el potencial del destino y reforzar su promoci\u00f3n.<\/p>\n<p style=\"text-align: justify;\">\u201cEste trabajo compartido reafirma el compromiso de seguir impulsando el desarrollo tur\u00edstico en la provincia\u201d, subrayaron desde la cartera tur\u00edstica.<br \/>\nEn ese sentido, Lorena G\u00f3mez, coordinadora del equipo t\u00e9cnico del Ministerio de Turismo, en di\u00e1logo con la enviada especial de AGENFOR, destac\u00f3 que vivieron \u201cun d\u00eda incre\u00edble, hermoso, donde acompa\u00f1\u00f3 el tiempo, vinieron las agencias y los prestadores tur\u00edsticos desde Formosa Capital con este proyecto de organizaci\u00f3n y articulaci\u00f3n entre el Ministerio, el Municipio de El Colorado y los privados\u201d.<\/p>\n<p style=\"text-align: justify;\">Seg\u00fan remarc\u00f3, el objetivo de esta iniciativa es que \u201cm\u00e1s formose\u00f1os puedan conocer estos lugares\u201d y puso en valor que El Colorado \u201ces un destino \u00fanico\u201d dentro de la provincia. \u201cCuenta con complejos como el campito, el parque acu\u00e1tico, el camping y otras infraestructuras\u201d, apunt\u00f3 y agreg\u00f3 que a ello se suman tambi\u00e9n las artesan\u00edas originarias, adem\u00e1s del gran atractivo que es el imponente r\u00edo Bermejo.<\/p>\n<p style=\"text-align: justify;\">\u201cEl turismo siempre es un movilizador de la econom\u00eda, porque a trav\u00e9s del mismo se articula todo y se beneficia a las localidades, as\u00ed como a las agencias y los prestadores, promoviendo nuestro turismo receptivo para que Formosa siga creciendo como lo viene haciendo\u201d, acentu\u00f3, por \u00faltimo<\/p>\n","protected":false},"excerpt":{"rendered":"<div class=\"mh-excerpt\"><p>En la jornada de este jueves 6 se realiz\u00f3 un \u201cfam tour\u201d en la localidad de El Colorado, junto al equipo t\u00e9cnico del Ministerio de <a class=\"mh-excerpt-more\" href=\"https:\/\/primiciasclorinda.com\/?p=39139\" title=\"El Colorado: Exitoso \u201cfam tour\u201d entre la riqueza de los paisajes naturales a orillas del r\u00edo Bermejo\">[&#8230;]<\/a><\/p>\n<\/div>","protected":false},"author":3,"featured_media":39140,"comment_status":"open","ping_status":"open","sticky":false,"template":"","format":"standard","meta":{"footnotes":""},"categories":[8],"tags":[3054,5425],"class_list":["post-39139","post","type-post","status-publish","format-standard","has-post-thumbnail","hentry","category-interior","tag-el-colorado","tag-fam-tour"],"_links":{"self":[{"href":"https:\/\/primiciasclorinda.com\/index.php?rest_route=\/wp\/v2\/posts\/39139","targetHints":{"allow":["GET"]}}],"collection":[{"href":"https:\/\/primiciasclorinda.com\/index.php?rest_route=\/wp\/v2\/posts"}],"about":[{"href":"https:\/\/primiciasclorinda.com\/index.php?rest_route=\/wp\/v2\/types\/post"}],"author":[{"embeddable":true,"href":"https:\/\/primiciasclorinda.com\/index.php?rest_route=\/wp\/v2\/users\/3"}],"replies":[{"embeddable":true,"href":"https:\/\/primiciasclorinda.com\/index.php?rest_route=%2Fwp%2Fv2%2Fcomments&post=39139"}],"version-history":[{"count":1,"href":"https:\/\/primiciasclorinda.com\/index.php?rest_route=\/wp\/v2\/posts\/39139\/revisions"}],"predecessor-version":[{"id":39141,"href":"https:\/\/primiciasclorinda.com\/index.php?rest_route=\/wp\/v2\/posts\/39139\/revisions\/39141"}],"wp:featuredmedia":[{"embeddable":true,"href":"https:\/\/primiciasclorinda.com\/index.php?rest_route=\/wp\/v2\/media\/39140"}],"wp:attachment":[{"href":"https:\/\/primiciasclorinda.com\/index.php?rest_route=%2Fwp%2Fv2%2Fmedia&parent=39139"}],"wp:term":[{"taxonomy":"category","embeddable":true,"href":"https:\/\/primiciasclorinda.com\/index.php?rest_route=%2Fwp%2Fv2%2Fcategories&post=39139"},{"taxonomy":"post_tag","embeddable":true,"href":"https:\/\/primiciasclorinda.com\/index.php?rest_route=%2Fwp%2Fv2%2Ftags&post=39139"}],"curies":[{"name":"wp","href":"https:\/\/api.w.org\/{rel}","templated":true}]}}