{"id":38927,"date":"2025-11-05T08:57:48","date_gmt":"2025-11-05T11:57:48","guid":{"rendered":"http:\/\/primiciasclorinda.com\/?p=38927"},"modified":"2025-11-05T08:57:48","modified_gmt":"2025-11-05T11:57:48","slug":"clorinda-cayeron-entre-un-60-y-un-70-las-ventas-y-el-consumo-en-este-ano-afirmo-omar-west","status":"publish","type":"post","link":"https:\/\/primiciasclorinda.com\/?p=38927","title":{"rendered":"Clorinda. \u201ccayeron entre un 60 y un 70% las ventas y el consumo en este a\u00f1o\u201d afirm\u00f3 Omar West."},"content":{"rendered":"<p style=\"text-align: justify;\">La ciudad fronteriza atraviesa uno de los momentos m\u00e1s cr\u00edticos de su historia comercial. Omar West, vicepresidente de la C\u00e1mara de Comercio de Clorinda, dialog\u00f3 con este medio y traz\u00f3 un panorama alarmante sobre la situaci\u00f3n del sector. \u00abSeg\u00fan estimaciones de lo que nosotros podemos sondear, cayeron entre un 60 y 70% las ventas o el consumo en este a\u00f1o, en el 2025\u00bb, afirm\u00f3 el dirigente. En lo que va del a\u00f1o, la localidad registr\u00f3 el cierre de 116 comercios. Proliferan ventas informales en veredas y esquinas.<\/p>\n<p><img loading=\"lazy\" decoding=\"async\" class=\"size-full wp-image-38928 alignright\" src=\"http:\/\/primiciasclorinda.com\/wp-content\/uploads\/2025\/11\/ban-hipeergas-13.jpg\" alt=\"\" width=\"325\" height=\"290\" srcset=\"https:\/\/primiciasclorinda.com\/wp-content\/uploads\/2025\/11\/ban-hipeergas-13.jpg 325w, https:\/\/primiciasclorinda.com\/wp-content\/uploads\/2025\/11\/ban-hipeergas-13-300x268.jpg 300w\" sizes=\"auto, (max-width: 325px) 100vw, 325px\" \/><\/p>\n<p style=\"text-align: justify;\">La situaci\u00f3n se agrava por la dr\u00e1stica disminuci\u00f3n del flujo comercial con Paraguay. \u00abDependemos mucho y estamos muy castigados debido a la baja del consumo interno y al poco flujo con el vecino pa\u00eds\u00bb, explic\u00f3 Wuest. El tipo de cambio desfavorable y el aumento de controles por parte del pa\u00eds vecino desalentaron la llegada de compradores paraguayos que hist\u00f3ricamente dinamizaban el comercio local. Parad\u00f3jicamente, ahora son los propios residentes de Clorinda quienes cruzan a Porto Elsa para realizar sus compras mensuales, buscando mejores precios en productos b\u00e1sicos como l\u00e1cteos, fideos, az\u00facar y arroz que ingresan masivamente sin controles bromatol\u00f3gicos adecuados.<\/p>\n<p style=\"text-align: justify;\">Los alquileres comerciales se convirtieron en otro obst\u00e1culo insalvable. Desde el cambio de gobierno, muchos propietarios establecieron contratos en d\u00f3lares, en guaran\u00edes o con cl\u00e1usulas de actualizaci\u00f3n cada tres o cuatro meses. \u00abCon el gobierno anterior ten\u00edamos un contrato donde te permit\u00eda una actualizaci\u00f3n de precios anuales\u00bb, compar\u00f3 el vicepresidente de la C\u00e1mara, destacando c\u00f3mo esta nueva modalidad desalienta proyectos a largo plazo. El impacto laboral tambi\u00e9n es significativo, con grandes cadenas de supermercados que operaban con diez cajas activas y hoy funcionan apenas con dos o tres, mientras los cajeros restantes fueron reasignados a otras tareas o despedidos.<\/p>\n<p style=\"text-align: justify;\">Un fen\u00f3meno adicional complica el panorama: la desaparici\u00f3n del efectivo y la proliferaci\u00f3n del comercio informal. \u00abTe cuento que primero no vemos la plata, hace mucho que no se ve m\u00e1s la plata\u00bb, revel\u00f3 Wuest, se\u00f1alando que el 90% de las operaciones se realizan mediante billeteras virtuales, principalmente Mercado Pago, lo que adem\u00e1s genera descuentos autom\u00e1ticos de ingresos brutos. Sobre el comercio informal que se multiplic\u00f3 en las calles, el dirigente manifest\u00f3: \u00abNosotros lo hablamos con la autoridad y entendemos la situaci\u00f3n. Imag\u00ednate c\u00f3mo hac\u00e9s, siendo autoridad competente, salir a empezar eso, s\u00ed sabiendo que ese es el sustento de esa familia\u00bb.<\/p>\n<p style=\"text-align: justify;\"><img loading=\"lazy\" decoding=\"async\" class=\"size-full wp-image-38916 alignright\" src=\"http:\/\/primiciasclorinda.com\/wp-content\/uploads\/2025\/11\/ban-prevenir-8.jpg\" alt=\"\" width=\"297\" height=\"299\" srcset=\"https:\/\/primiciasclorinda.com\/wp-content\/uploads\/2025\/11\/ban-prevenir-8.jpg 297w, https:\/\/primiciasclorinda.com\/wp-content\/uploads\/2025\/11\/ban-prevenir-8-150x150.jpg 150w\" sizes=\"auto, (max-width: 297px) 100vw, 297px\" \/>Consultado sobre las expectativas para 2026, Wuest fue cauto y esperanzado a la vez: \u00abNosotros esperamos que ahora en diciembre esto repunte un poco. Es normal que en estas fechas el consumo aumente. Hay mercader\u00edas que naturalmente se mueven, como la sidra, el pan dulce y productos que tienen que ver con la fiesta\u00bb. Sin embargo, advirti\u00f3 que sin cambios en la pol\u00edtica nacional y sin una pol\u00edtica de frontera que permita el libre comercio con Paraguay, el panorama seguir\u00e1 siendo complicado. \u00abTratamos de ser optimistas y decimos, siempre peor no se puede estar, pero necesitamos ver a nivel nacional una luz\u00bb, concluy\u00f3, resumiendo el sentimiento de un sector que enfrenta su peor crisis en a\u00f1os.<br \/>\n[Radio Formosa]<\/p>\n","protected":false},"excerpt":{"rendered":"<div class=\"mh-excerpt\"><p>La ciudad fronteriza atraviesa uno de los momentos m\u00e1s cr\u00edticos de su historia comercial. Omar West, vicepresidente de la C\u00e1mara de Comercio de Clorinda, dialog\u00f3 <a class=\"mh-excerpt-more\" href=\"https:\/\/primiciasclorinda.com\/?p=38927\" title=\"Clorinda. \u201ccayeron entre un 60 y un 70% las ventas y el consumo en este a\u00f1o\u201d afirm\u00f3 Omar West.\">[&#8230;]<\/a><\/p>\n<\/div>","protected":false},"author":3,"featured_media":0,"comment_status":"open","ping_status":"open","sticky":false,"template":"","format":"standard","meta":{"footnotes":""},"categories":[4],"tags":[5392,26,5391],"class_list":["post-38927","post","type-post","status-publish","format-standard","hentry","category-informacion-general","tag-caida-de-ventas","tag-clorinda","tag-comercio-fronterizo"],"_links":{"self":[{"href":"https:\/\/primiciasclorinda.com\/index.php?rest_route=\/wp\/v2\/posts\/38927","targetHints":{"allow":["GET"]}}],"collection":[{"href":"https:\/\/primiciasclorinda.com\/index.php?rest_route=\/wp\/v2\/posts"}],"about":[{"href":"https:\/\/primiciasclorinda.com\/index.php?rest_route=\/wp\/v2\/types\/post"}],"author":[{"embeddable":true,"href":"https:\/\/primiciasclorinda.com\/index.php?rest_route=\/wp\/v2\/users\/3"}],"replies":[{"embeddable":true,"href":"https:\/\/primiciasclorinda.com\/index.php?rest_route=%2Fwp%2Fv2%2Fcomments&post=38927"}],"version-history":[{"count":1,"href":"https:\/\/primiciasclorinda.com\/index.php?rest_route=\/wp\/v2\/posts\/38927\/revisions"}],"predecessor-version":[{"id":38929,"href":"https:\/\/primiciasclorinda.com\/index.php?rest_route=\/wp\/v2\/posts\/38927\/revisions\/38929"}],"wp:attachment":[{"href":"https:\/\/primiciasclorinda.com\/index.php?rest_route=%2Fwp%2Fv2%2Fmedia&parent=38927"}],"wp:term":[{"taxonomy":"category","embeddable":true,"href":"https:\/\/primiciasclorinda.com\/index.php?rest_route=%2Fwp%2Fv2%2Fcategories&post=38927"},{"taxonomy":"post_tag","embeddable":true,"href":"https:\/\/primiciasclorinda.com\/index.php?rest_route=%2Fwp%2Fv2%2Ftags&post=38927"}],"curies":[{"name":"wp","href":"https:\/\/api.w.org\/{rel}","templated":true}]}}