{"id":38699,"date":"2025-10-29T09:45:48","date_gmt":"2025-10-29T12:45:48","guid":{"rendered":"http:\/\/primiciasclorinda.com\/?p=38699"},"modified":"2025-10-29T09:45:48","modified_gmt":"2025-10-29T12:45:48","slug":"clorinda-organizado-por-la-oficina-de-empleo-del-municipio-local-se-inician-los-primeros-cursos-de-oficio","status":"publish","type":"post","link":"https:\/\/primiciasclorinda.com\/?p=38699","title":{"rendered":"Clorinda. Organizado por la Oficina de Empleo del Municipio local se inician los primeros cursos de Oficio."},"content":{"rendered":"<p style=\"text-align: justify;\"><strong>La Oficina de Servicios de Empleo de la Municipalidad de Clorinda inicio nuevos cursos de oficios destinados al publico en general, la Licenciada Nadia Jara esta como responsable coordinando estos cursos y viene acompa\u00f1ando el inicio de los mismos, el d\u00eda lunes se inicio todo lo ligado a instalaciones el\u00e9ctricas domiciliarias, este martes barber\u00eda, el d\u00eda mi\u00e9rcoles arranca carpinter\u00eda y el s\u00e1bado se har\u00e1 lo propio con herrer\u00eda.<\/strong><\/p>\n<p style=\"text-align: justify;\"><strong>Cada uno de estos oficios cuentan con una duraci\u00f3n de tres meses, y en todos los casos est\u00e1n a cupo completo, aunque no se descarta puedan sumar algunas personas m\u00e1s que est\u00e1n en lista de espera ya que ante tanta demanda estar\u00edan generando un segundo grupo en cada caso para que mas personas puedan ser parte y recibir estos conocimientos. <\/strong><\/p>\n<p style=\"text-align: justify;\"><strong>La administraci\u00f3n del Intendente Ariel Caniza apuesta a dar continuidad a estas capacitaciones gratuitas que brindan conocimientos y r\u00e1pida salida laboral, m\u00e1s all\u00e1 de los recortes econ\u00f3micos que se generan desde naci\u00f3n a las oficinas de empleo, que hace dos a\u00f1os no reciben recursos por lo que las capacitaciones son netamente afrontadas con recursos genuinos.<\/strong><\/p>\n","protected":false},"excerpt":{"rendered":"<div class=\"mh-excerpt\"><p>La Oficina de Servicios de Empleo de la Municipalidad de Clorinda inicio nuevos cursos de oficios destinados al publico en general, la Licenciada Nadia Jara <a class=\"mh-excerpt-more\" href=\"https:\/\/primiciasclorinda.com\/?p=38699\" title=\"Clorinda. Organizado por la Oficina de Empleo del Municipio local se inician los primeros cursos de Oficio.\">[&#8230;]<\/a><\/p>\n<\/div>","protected":false},"author":3,"featured_media":38685,"comment_status":"open","ping_status":"open","sticky":false,"template":"","format":"standard","meta":{"footnotes":""},"categories":[4],"tags":[26,5343],"class_list":["post-38699","post","type-post","status-publish","format-standard","has-post-thumbnail","hentry","category-informacion-general","tag-clorinda","tag-cursos-de-oficios"],"_links":{"self":[{"href":"https:\/\/primiciasclorinda.com\/index.php?rest_route=\/wp\/v2\/posts\/38699","targetHints":{"allow":["GET"]}}],"collection":[{"href":"https:\/\/primiciasclorinda.com\/index.php?rest_route=\/wp\/v2\/posts"}],"about":[{"href":"https:\/\/primiciasclorinda.com\/index.php?rest_route=\/wp\/v2\/types\/post"}],"author":[{"embeddable":true,"href":"https:\/\/primiciasclorinda.com\/index.php?rest_route=\/wp\/v2\/users\/3"}],"replies":[{"embeddable":true,"href":"https:\/\/primiciasclorinda.com\/index.php?rest_route=%2Fwp%2Fv2%2Fcomments&post=38699"}],"version-history":[{"count":1,"href":"https:\/\/primiciasclorinda.com\/index.php?rest_route=\/wp\/v2\/posts\/38699\/revisions"}],"predecessor-version":[{"id":38700,"href":"https:\/\/primiciasclorinda.com\/index.php?rest_route=\/wp\/v2\/posts\/38699\/revisions\/38700"}],"wp:featuredmedia":[{"embeddable":true,"href":"https:\/\/primiciasclorinda.com\/index.php?rest_route=\/wp\/v2\/media\/38685"}],"wp:attachment":[{"href":"https:\/\/primiciasclorinda.com\/index.php?rest_route=%2Fwp%2Fv2%2Fmedia&parent=38699"}],"wp:term":[{"taxonomy":"category","embeddable":true,"href":"https:\/\/primiciasclorinda.com\/index.php?rest_route=%2Fwp%2Fv2%2Fcategories&post=38699"},{"taxonomy":"post_tag","embeddable":true,"href":"https:\/\/primiciasclorinda.com\/index.php?rest_route=%2Fwp%2Fv2%2Ftags&post=38699"}],"curies":[{"name":"wp","href":"https:\/\/api.w.org\/{rel}","templated":true}]}}