{"id":38623,"date":"2025-10-26T09:10:21","date_gmt":"2025-10-26T12:10:21","guid":{"rendered":"http:\/\/primiciasclorinda.com\/?p=38623"},"modified":"2025-10-26T09:10:21","modified_gmt":"2025-10-26T12:10:21","slug":"las-ventas-en-supermercados-de-formosa-registraron-en-agosto-una-baja-real-del-44-interanual","status":"publish","type":"post","link":"https:\/\/primiciasclorinda.com\/?p=38623","title":{"rendered":"Las ventas en supermercados de Formosa registraron en agosto una baja real del 4,4% interanual"},"content":{"rendered":"<p style=\"text-align: justify;\">Las ventas en supermercados de Formosa registraron en agosto una baja real del 4,4% interanual, seg\u00fan la Encuesta de Supermercados del INDEC. Con este resultado, la provincia encaden\u00f3 varios meses consecutivos de descensos y cerr\u00f3 el acumulado enero-agosto de 2025 con una ca\u00edda del 2% respecto al mismo per\u00edodo del a\u00f1o anterior. En la comparaci\u00f3n con igual lapso de 2023, la retracci\u00f3n asciende al 36,8%, la m\u00e1s profunda del pa\u00eds.<br \/>\nEl informe, al que tuvo acceso La Ma\u00f1ana, indica que las ventas corrientes en los supermercados de la provincia alcanzaron $9.903 millones durante agosto.<\/p>\n<p style=\"text-align: justify;\">El comportamiento negativo se repite desde mediados del a\u00f1o pasado y se acent\u00faa en los productos de consumo b\u00e1sico, como alimentos y art\u00edculos de limpieza, rubros que a nivel nacional concentraron m\u00e1s del 70% de la facturaci\u00f3n mensual y exhibieron ca\u00eddas reales.<\/p>\n<p style=\"text-align: justify;\">A diferencia de Formosa, Corrientes logr\u00f3 un crecimiento interanual real del 2,5% y Chaco retrocedi\u00f3 3,4%, mientras que Misiones tuvo una baja del 7,7%. En el acumulado de 2025 frente a 2024, Corrientes muestra un avance del 5,2%, Chaco del 2%, y Misiones una leve contracci\u00f3n del 1,9%. Sin embargo, la comparaci\u00f3n con 2023 sigue mostrando un deterioro generalizado: Misiones retrocede 27,1%, Chaco 18,1% y Corrientes 20,1%, mientras que Formosa encabeza el ranking negativo con -36,8%.<\/p>\n<p style=\"text-align: justify;\">En el contexto regional, el NEA combina realidades opuestas. Corrientes es la \u00fanica provincia con crecimiento tanto mensual como acumulado, mientras que Chaco y Formosa mantienen variaciones negativas. El promedio ponderado del NEA registra una contracci\u00f3n interanual del 3,2%, en l\u00ednea con el desempe\u00f1o de otras regiones del pa\u00eds donde la desaceleraci\u00f3n del consumo se mantiene desde comienzos del segundo trimestre.<\/p>\n","protected":false},"excerpt":{"rendered":"<div class=\"mh-excerpt\"><p>Las ventas en supermercados de Formosa registraron en agosto una baja real del 4,4% interanual, seg\u00fan la Encuesta de Supermercados del INDEC. Con este resultado, <a class=\"mh-excerpt-more\" href=\"https:\/\/primiciasclorinda.com\/?p=38623\" title=\"Las ventas en supermercados de Formosa registraron en agosto una baja real del 4,4% interanual\">[&#8230;]<\/a><\/p>\n<\/div>","protected":false},"author":3,"featured_media":38624,"comment_status":"open","ping_status":"open","sticky":false,"template":"","format":"standard","meta":{"footnotes":""},"categories":[3],"tags":[432,5328],"class_list":["post-38623","post","type-post","status-publish","format-standard","has-post-thumbnail","hentry","category-politica-economia","tag-supermercados","tag-ventas-en-formosa"],"_links":{"self":[{"href":"https:\/\/primiciasclorinda.com\/index.php?rest_route=\/wp\/v2\/posts\/38623","targetHints":{"allow":["GET"]}}],"collection":[{"href":"https:\/\/primiciasclorinda.com\/index.php?rest_route=\/wp\/v2\/posts"}],"about":[{"href":"https:\/\/primiciasclorinda.com\/index.php?rest_route=\/wp\/v2\/types\/post"}],"author":[{"embeddable":true,"href":"https:\/\/primiciasclorinda.com\/index.php?rest_route=\/wp\/v2\/users\/3"}],"replies":[{"embeddable":true,"href":"https:\/\/primiciasclorinda.com\/index.php?rest_route=%2Fwp%2Fv2%2Fcomments&post=38623"}],"version-history":[{"count":1,"href":"https:\/\/primiciasclorinda.com\/index.php?rest_route=\/wp\/v2\/posts\/38623\/revisions"}],"predecessor-version":[{"id":38628,"href":"https:\/\/primiciasclorinda.com\/index.php?rest_route=\/wp\/v2\/posts\/38623\/revisions\/38628"}],"wp:featuredmedia":[{"embeddable":true,"href":"https:\/\/primiciasclorinda.com\/index.php?rest_route=\/wp\/v2\/media\/38624"}],"wp:attachment":[{"href":"https:\/\/primiciasclorinda.com\/index.php?rest_route=%2Fwp%2Fv2%2Fmedia&parent=38623"}],"wp:term":[{"taxonomy":"category","embeddable":true,"href":"https:\/\/primiciasclorinda.com\/index.php?rest_route=%2Fwp%2Fv2%2Fcategories&post=38623"},{"taxonomy":"post_tag","embeddable":true,"href":"https:\/\/primiciasclorinda.com\/index.php?rest_route=%2Fwp%2Fv2%2Ftags&post=38623"}],"curies":[{"name":"wp","href":"https:\/\/api.w.org\/{rel}","templated":true}]}}