{"id":38273,"date":"2025-10-11T08:39:36","date_gmt":"2025-10-11T11:39:36","guid":{"rendered":"http:\/\/primiciasclorinda.com\/?p=38273"},"modified":"2025-10-11T08:39:36","modified_gmt":"2025-10-11T11:39:36","slug":"centros-de-salud-y-hospitales-conmemoraron-el-dia-mundial-de-la-salud-mental","status":"publish","type":"post","link":"https:\/\/primiciasclorinda.com\/?p=38273","title":{"rendered":"Centros de salud y hospitales conmemoraron el D\u00eda Mundial de la Salud Mental"},"content":{"rendered":"<p style=\"text-align: justify;\">A trav\u00e9s de charlas, talleres, reuniones, capacitaciones y otras m\u00faltiples acciones en las que participan distintas instituciones, profesionales de diferentes especialidades, representantes de distintos sectores y la comunidad en general.<\/p>\n<p style=\"text-align: justify;\">Desde 1992, cada 10 de octubre, el mundo conmemora el D\u00eda de la Salud Mental, acordado por la Federaci\u00f3n Mundial para la Salud Mental (WFMH) y la Organizaci\u00f3n Mundial de la Salud (OMS) con el prop\u00f3sito de crear conciencia sobre la importancia del cuidado de la salud mental y de promover acciones orientadas a mejorar el bienestar mental en todo el planeta.<\/p>\n<p style=\"text-align: justify;\">Para dar marco a la fecha, centros de salud y hospitales de toda la provincia de Formosa, tanto en la Capital como en el interior, vienen llevando a cabo una serie de actividades destinadas a los pacientes, vecinos y a la comunidad en general, impulsadas por el Gobierno provincial, a trav\u00e9s del Ministerio de Desarrollo Humano y la Direcci\u00f3n de Salud Mental y Prevenci\u00f3n de Adicciones.<\/p>\n<p style=\"text-align: justify;\">Con el lema 2025 \u201cLa salud mental y el apoyo psicosocial en la respuesta a emergencias\u201d, estas acciones se acentuaron durante esta semana y se extender\u00e1n a lo largo de todo el mes, involucrando a distintos actores sociales, instituciones, sectores, organismos, espacios comunitarios y equipos de profesionales de diferentes especialidades.<br \/>\nRespecto a ello, el director de Salud Mental y Prevenci\u00f3n de Adicciones, el licenciado Marcelo Kremis, coment\u00f3 que, con motivo de esta fecha, desde principios de octubre, los efectores sanitarios \u201cvienen fortaleciendo el trabajo que se realiza en salud mental durante todo el a\u00f1o\u201d.<\/p>\n<p style=\"text-align: justify;\">En tal sentido, se vienen desarrollando charlas con los pacientes y vecinos, talleres en las escuelas de los distintos niveles, capacitaci\u00f3n a los equipos de salud, reuni\u00f3n de las Mesas Intersectoriales para la prevenci\u00f3n del suicidio.<br \/>\nAsimismo se llev\u00f3 a cabo la XI Jornada Provincial de Salud Mental, los d\u00edas 8 y 9 de octubre \u201cun evento de gran relevancia para Formosa que ya se viene haciendo desde hace varios a\u00f1os\u201d.<br \/>\nM\u00e1s una fuerte promoci\u00f3n de la l\u00ednea telef\u00f3nica de prevenci\u00f3n del suicidio 0800-888-3364, entre otras tantas acciones que tienen como eje difundir, en todos los \u00e1mbitos, la importancia del cuidado de la salud mental y su adecuado abordaje.<\/p>\n<p style=\"text-align: justify;\">Servicio gratuito de atenci\u00f3n permanente<\/p>\n<p style=\"text-align: justify;\">Sobre la l\u00ednea telef\u00f3nica 0800-888-3364, habilitada el pasado 10 de septiembre, record\u00f3 que es un servicio gratuito de atenci\u00f3n profesional, para personas que se encuentran en situaci\u00f3n de crisis de salud mental con riesgo de suicidio, a fin de que puedan acceder a la atenci\u00f3n de especialistas.<br \/>\n\u201cEst\u00e1 disponible las 24 horas, todos los d\u00edas del a\u00f1o, de manera ininterrumpida\u201d, asegur\u00f3, detallando que puede llamar la persona afectada o un familiar, un amigo, un conocido, un vecino o una persona de alguna instituci\u00f3n que conozca al afectado\/a y quiere ayudarlo\/a.<\/p>\n<p style=\"text-align: justify;\">A partir de la recepci\u00f3n de la llamada, los profesionales de salud mental, \u201cque est\u00e1n especialmente capacitados para eso\u201d, inician el Protocolo de Evaluaci\u00f3n de Riesgo Suicida y, desde ese momento y de acuerdo a cada caso, se toman las decisiones de intervenci\u00f3n necesarias.<\/p>\n<p style=\"text-align: justify;\">Inversi\u00f3n estrat\u00e9gica<\/p>\n<p style=\"text-align: justify;\">Seguidamente, Kremis subray\u00f3 una vez m\u00e1s \u201cla fuerte inversi\u00f3n estrat\u00e9gica del Estado provincial en materia de salud mental\u201d, lo cual se ve reflejado, no solo en la puesta en funcionamiento de la descripta l\u00ednea telef\u00f3nica, sino tambi\u00e9n, en la incorporaci\u00f3n de \u201cuna gran cantidad de profesionales\u201d a los efectores sanitarios de todos los niveles de complejidad, que forman parte de la red de salud p\u00fablica provincial.<\/p>\n<p style=\"text-align: justify;\">Mediante esa decisi\u00f3n \u201ctomada acertadamente por el gobernador Gildo Insfr\u00e1n\u201d, en la actualidad, todos los centros de salud de la Capital, que son 28, m\u00e1s los hospitales distritales y otros ubicados en distintos puntos de la provincia, \u201ccuentan con profesionales de salud mental\u201d.<br \/>\nIndic\u00f3 que eso se sostiene \u201cexclusivamente\u201d con fondos del Tesoro Provincial, y con el firme prop\u00f3sito \u201cde mantener una salud p\u00fablica gratuita y de calidad\u201d, a\u00fan en estos tiempo de profunda crisis econ\u00f3mica y sanitaria que se da a nivel nacional, debido a las pol\u00edticas nefastas del presidente Javier Milei \u201cque desafortunadamente, deja de lado al ser humano y al cuidado de la salud, priorizando otros intereses\u201d.<br \/>\nEn ese contexto, valor\u00f3 las pol\u00edticas p\u00fablicas trazadas por el Gobierno de Formosa y el trabajo preventivo que se viene llevando adelante \u201cen forma permanente en todo el territorio provincial\u201d, desde el cual, cada uno de los efectores de salud \u201cda visibilidad y atiende a las problem\u00e1ticas en salud mental.<\/p>\n<p style=\"text-align: justify;\">Adem\u00e1s, concientiza a trav\u00e9s de charlas, encuentros y otras estrategias sobre la importancia del cuidado de la misma, instando a la poblaci\u00f3n a realizar la consulta temprana con los profesionales y haciendo hincapi\u00e9 en la prevenci\u00f3n de las distintas problem\u00e1ticas, como depresi\u00f3n, crisis de ansiedad, consumos problem\u00e1ticos de sustancias, ideaci\u00f3n suicida, entre otras tantas<\/p>\n","protected":false},"excerpt":{"rendered":"<div class=\"mh-excerpt\"><p>A trav\u00e9s de charlas, talleres, reuniones, capacitaciones y otras m\u00faltiples acciones en las que participan distintas instituciones, profesionales de diferentes especialidades, representantes de distintos sectores <a class=\"mh-excerpt-more\" href=\"https:\/\/primiciasclorinda.com\/?p=38273\" title=\"Centros de salud y hospitales conmemoraron el D\u00eda Mundial de la Salud Mental\">[&#8230;]<\/a><\/p>\n<\/div>","protected":false},"author":3,"featured_media":38275,"comment_status":"open","ping_status":"open","sticky":false,"template":"","format":"standard","meta":{"footnotes":""},"categories":[3],"tags":[5232],"class_list":["post-38273","post","type-post","status-publish","format-standard","has-post-thumbnail","hentry","category-politica-economia","tag-dia-mundial-de-la-salud-mental"],"_links":{"self":[{"href":"https:\/\/primiciasclorinda.com\/index.php?rest_route=\/wp\/v2\/posts\/38273","targetHints":{"allow":["GET"]}}],"collection":[{"href":"https:\/\/primiciasclorinda.com\/index.php?rest_route=\/wp\/v2\/posts"}],"about":[{"href":"https:\/\/primiciasclorinda.com\/index.php?rest_route=\/wp\/v2\/types\/post"}],"author":[{"embeddable":true,"href":"https:\/\/primiciasclorinda.com\/index.php?rest_route=\/wp\/v2\/users\/3"}],"replies":[{"embeddable":true,"href":"https:\/\/primiciasclorinda.com\/index.php?rest_route=%2Fwp%2Fv2%2Fcomments&post=38273"}],"version-history":[{"count":1,"href":"https:\/\/primiciasclorinda.com\/index.php?rest_route=\/wp\/v2\/posts\/38273\/revisions"}],"predecessor-version":[{"id":38281,"href":"https:\/\/primiciasclorinda.com\/index.php?rest_route=\/wp\/v2\/posts\/38273\/revisions\/38281"}],"wp:featuredmedia":[{"embeddable":true,"href":"https:\/\/primiciasclorinda.com\/index.php?rest_route=\/wp\/v2\/media\/38275"}],"wp:attachment":[{"href":"https:\/\/primiciasclorinda.com\/index.php?rest_route=%2Fwp%2Fv2%2Fmedia&parent=38273"}],"wp:term":[{"taxonomy":"category","embeddable":true,"href":"https:\/\/primiciasclorinda.com\/index.php?rest_route=%2Fwp%2Fv2%2Fcategories&post=38273"},{"taxonomy":"post_tag","embeddable":true,"href":"https:\/\/primiciasclorinda.com\/index.php?rest_route=%2Fwp%2Fv2%2Ftags&post=38273"}],"curies":[{"name":"wp","href":"https:\/\/api.w.org\/{rel}","templated":true}]}}