{"id":38197,"date":"2025-10-07T08:46:46","date_gmt":"2025-10-07T11:46:46","guid":{"rendered":"http:\/\/primiciasclorinda.com\/?p=38197"},"modified":"2025-10-07T08:46:46","modified_gmt":"2025-10-07T11:46:46","slug":"formosa-iniciaron-las-preinscripciones-para-las-carreras-del-ipf","status":"publish","type":"post","link":"https:\/\/primiciasclorinda.com\/?p=38197","title":{"rendered":"Formosa. Iniciaron las preinscripciones para las carreras del IPF"},"content":{"rendered":"<p style=\"text-align: justify;\">Este lunes 6 iniciaron las preinscripciones para las carreras de Mecatr\u00f3nica, Desarrollo de Software y Multiplataforma, Qu\u00edmica Industrial y Telecomunicaciones del Instituto Polit\u00e9cnico Formosa (IPF) \u201cDr. Alberto Marcelo Zorrilla\u201d.<\/p>\n<p style=\"text-align: justify;\">Cabe recordar que las cuatro ofertas cuentan con cursos introductorios, siendo el de Mecatr\u00f3nica y Desarrollo de Software Multiplataforma en enero, por lo tanto la preinscripci\u00f3n del primero ser\u00e1 hasta el 12 de diciembre y del segundo hasta el 19.<\/p>\n<p style=\"text-align: justify;\">En el caso de Qu\u00edmica Industrial y Telecomunicaciones, las preinscripciones se extender\u00e1n hasta el 31 de marzo, iniciando el curso introductorio en abril, mayo y junio.<\/p>\n<p style=\"text-align: justify;\">En di\u00e1logo con la Agencia de Noticias Formosa (AGENFOR), el director del IPF, el doctor Horacio Gorostegui, record\u00f3 que \u201ccada carrera tiene un cupo de 50 personas\u201d y explic\u00f3 que \u201ces debido a una cuesti\u00f3n operativa por los diferentes servicios que se brindan como, almuerzo, computadoras, servicio de transporte\u201d.<\/p>\n<p style=\"text-align: justify;\">Los interesados pueden preinscribirse en los siguientes link:<\/p>\n<p style=\"text-align: justify;\">Mecatr\u00f3nica: https:\/\/acortar.link\/nCIhaw<\/p>\n<p style=\"text-align: justify;\">Desarrollo de Software y Multiplataforma: https:\/\/acortar.link\/kip470<\/p>\n<p style=\"text-align: justify;\">Qu\u00edmica Industrial: https:\/\/acortar.link\/LKvgWq<\/p>\n<p style=\"text-align: justify;\">Telecomunicaciones: https:\/\/acortar.link\/CNSG8P<\/p>\n<p style=\"text-align: justify;\">Para m\u00e1s informaci\u00f3n comunicarse al 3704 86-0530.<\/p>\n","protected":false},"excerpt":{"rendered":"<div class=\"mh-excerpt\"><p>Este lunes 6 iniciaron las preinscripciones para las carreras de Mecatr\u00f3nica, Desarrollo de Software y Multiplataforma, Qu\u00edmica Industrial y Telecomunicaciones del Instituto Polit\u00e9cnico Formosa (IPF) <a class=\"mh-excerpt-more\" href=\"https:\/\/primiciasclorinda.com\/?p=38197\" title=\"Formosa. Iniciaron las preinscripciones para las carreras del IPF\">[&#8230;]<\/a><\/p>\n<\/div>","protected":false},"author":3,"featured_media":38200,"comment_status":"open","ping_status":"open","sticky":false,"template":"","format":"standard","meta":{"footnotes":""},"categories":[3],"tags":[1637,5209],"class_list":["post-38197","post","type-post","status-publish","format-standard","has-post-thumbnail","hentry","category-politica-economia","tag-inscripciones","tag-instituto-politecnico-formosa"],"_links":{"self":[{"href":"https:\/\/primiciasclorinda.com\/index.php?rest_route=\/wp\/v2\/posts\/38197","targetHints":{"allow":["GET"]}}],"collection":[{"href":"https:\/\/primiciasclorinda.com\/index.php?rest_route=\/wp\/v2\/posts"}],"about":[{"href":"https:\/\/primiciasclorinda.com\/index.php?rest_route=\/wp\/v2\/types\/post"}],"author":[{"embeddable":true,"href":"https:\/\/primiciasclorinda.com\/index.php?rest_route=\/wp\/v2\/users\/3"}],"replies":[{"embeddable":true,"href":"https:\/\/primiciasclorinda.com\/index.php?rest_route=%2Fwp%2Fv2%2Fcomments&post=38197"}],"version-history":[{"count":1,"href":"https:\/\/primiciasclorinda.com\/index.php?rest_route=\/wp\/v2\/posts\/38197\/revisions"}],"predecessor-version":[{"id":38204,"href":"https:\/\/primiciasclorinda.com\/index.php?rest_route=\/wp\/v2\/posts\/38197\/revisions\/38204"}],"wp:featuredmedia":[{"embeddable":true,"href":"https:\/\/primiciasclorinda.com\/index.php?rest_route=\/wp\/v2\/media\/38200"}],"wp:attachment":[{"href":"https:\/\/primiciasclorinda.com\/index.php?rest_route=%2Fwp%2Fv2%2Fmedia&parent=38197"}],"wp:term":[{"taxonomy":"category","embeddable":true,"href":"https:\/\/primiciasclorinda.com\/index.php?rest_route=%2Fwp%2Fv2%2Fcategories&post=38197"},{"taxonomy":"post_tag","embeddable":true,"href":"https:\/\/primiciasclorinda.com\/index.php?rest_route=%2Fwp%2Fv2%2Ftags&post=38197"}],"curies":[{"name":"wp","href":"https:\/\/api.w.org\/{rel}","templated":true}]}}