{"id":38189,"date":"2025-10-06T09:04:33","date_gmt":"2025-10-06T12:04:33","guid":{"rendered":"http:\/\/primiciasclorinda.com\/?p=38189"},"modified":"2025-10-06T09:04:33","modified_gmt":"2025-10-06T12:04:33","slug":"el-gobernador-encabezo-el-acto-homenaje-a-los-heroes-formosenos-en-el-50-aniversario-de-la-defensa-del-rim-29","status":"publish","type":"post","link":"https:\/\/primiciasclorinda.com\/?p=38189","title":{"rendered":"El Gobernador encabez\u00f3 el acto homenaje a los h\u00e9roes formose\u00f1os en el 50\u00b0 aniversario de la defensa del RIM 29"},"content":{"rendered":"<p style=\"text-align: justify;\">Este domingo 5 de octubre, por la tarde, el gobernador de Formosa, Gildo Insfr\u00e1n, presidi\u00f3 el acto conmemorativo por el 50\u00b0 aniversario de la heroica defensa del Regimiento de Infanter\u00eda de Monte (RIM) 29 \u201cCoronel Ignacio Jos\u00e9 Warnes\u201d y el D\u00eda del H\u00e9roe Formose\u00f1o, que se instituy\u00f3 por Ley Provincial 1612.<\/p>\n<p style=\"text-align: justify;\">De la ceremonia, que se realiz\u00f3 en la Plaza de Armas de la Victoria del RIM 29, participaron tambi\u00e9n la vicepresidenta de la Naci\u00f3n, Victoria Villarruel; el vicegobernador Eber Sol\u00eds; el senador nacional, Jos\u00e9 Mayans; el jefe del Estado Mayor del Ej\u00e9rcito, teniente general Carlos Alberto Presti y dem\u00e1s autoridades provinciales y de las fuerzas de seguridad nacionales y locales.<\/p>\n<p style=\"text-align: justify;\">Como cada a\u00f1o, se hicieron presentes tambi\u00e9n familiares de los ca\u00eddos y exsoldados veteranos.<br \/>\nTras la entonaci\u00f3n del Himno Nacional Argentino y Marcha a Formosa, ejecutados por la banda militar Curupayti, el capell\u00e1n de la unidad, el padre Epifanio Barrios, realiz\u00f3 la invocaci\u00f3n religiosa.<\/p>\n<p style=\"text-align: justify;\">Posteriormente se dio el ingreso a la Plaza de Armas de la Victoria de las antorchas portadas por fusileros, as\u00ed como de las im\u00e1genes de los h\u00e9roes ca\u00eddos en combate que simbolizaban en sus flamas a los adelantados del 5 de octubre de 1975 que ofrendaron sus vidas en defensa del cuartel.<br \/>\nLuego, las m\u00e1ximas autoridades presentes, procedieron al descubrimiento de placas recordatorias en memoria del subteniente Ricardo Massaferro, sargento primero V\u00edctor Sanabria, soldados clase \u201954: Antonio Arrieta, Jos\u00e9 Coronel, Dante Salvatierra, Edmundo Sosa, Tom\u00e1s S\u00e1nchez, Ismael S\u00e1nchez, Marcelino Torales, Hermindo Luna, Heriberto D\u00e1valos y Alberto Villalba y al agente de la Polic\u00eda de Formosa, Neri Alegre.<br \/>\nA su t\u00e9rmino, se tom\u00f3 revista al Regimiento de Infanter\u00eda de Monte 29 y se procedi\u00f3 a realizar un minuto de silencio para quienes dejaron su vida en defensa de la unidad militar.<\/p>\n<p style=\"text-align: justify;\">Seguidamente, tom\u00f3 la palabra el teniente general Carlos Alberto Presti, quien expres\u00f3 que \u201ces para mi un privilegio y honor poder presidir la formaci\u00f3n conmemorativa\u201d de este hecho que cala muy hondo en la sensibilidad de la sociedad formose\u00f1a.<\/p>\n<p style=\"text-align: justify;\">\u201cLa sangre valiente y generosa de los soldados del Ej\u00e9rcito reg\u00f3 campos de batalla de nuestro territorio pelando por la libertad de los pueblos y la grandeza de la patria\u201d, sostuvo.<br \/>\nAsimismo, el jefe del Estado Mayor, consider\u00f3 que este hecho fue \u201cun ejemplo m\u00e1s\u201d del compromiso \u201cde los hombres y mujeres de la fuerza en defensa de la patria\u201d.<\/p>\n<p style=\"text-align: justify;\">De esta manera, reconstruy\u00f3 los hechos de aquel fat\u00eddico 5 de octubre de 1975 y destac\u00f3 que, a pesar de haberlos tomado por sorpresa y al gran n\u00famero de atacantes, \u201cun grupo de bravos hijos de esta tierra, soldados conscriptos, se enfrentaron al adversario dispuestos a dar su vida en defensa del cuartel y sus camaradas\u201d.<br \/>\n\u201cLos atacantes subestimaron el compromiso que todos asumimos cuando juramos defender la bandera. En este Regimiento se encontraron con h\u00e9roes que prefirieron morir a rendirse\u201d, asever\u00f3.<\/p>\n<p style=\"text-align: justify;\">En este punto, Presti puso en valor \u201cel auxilio de toda la comunidad formose\u00f1a\u201d puntualizando en las fuerzas de seguridad, los profesionales m\u00e9dicos que atendieron a los heridos y los civiles que se acercaron a donar sangre.<br \/>\n\u201cEstos hechos fueron una demostraci\u00f3n de la inquebrantable uni\u00f3n que existe entre Ej\u00e9rcito y ciudadan\u00eda, entre el RIM N\u00b0 29 y Formosa\u201d, resalt\u00f3.<\/p>\n<p style=\"text-align: justify;\">Y a\u00f1adi\u00f3: \u201cEl legado m\u00e1s importante que nos dejaron los valientes defensores de este cuartel es su ejemplo de valor y compromiso con la patria que sigue inspirando a miles de comprovincianos que cada a\u00f1o ingresas a las filas del Ej\u00e9rcito\u201d.<br \/>\nEn este punto, remarc\u00f3 la labor de los m\u00e1s de 2300 formose\u00f1os de todas las jerarqu\u00edas \u201cen toda la patria cumpliendo distintas funciones\u201d.<\/p>\n<p style=\"text-align: justify;\">\u201cEstamos construyendo el ejercito del porvenir, moderno, tecnol\u00f3gicamente de avanzada, m\u00e1s letal y estos ejemplos son los que nos sirven de base para levantar nuestros cimientos de manera definitiva\u201d, cerr\u00f3.<br \/>\nPor su parte, la Vicepresidenta de la Naci\u00f3n, tambi\u00e9n brind\u00f3 unas palabras a los presentes donde record\u00f3 el hecho y dijo que, por m\u00e1s que hayan pasado a\u00f1os, \u201ces un ejemplo del doloroso presente\u201d.<br \/>\n\u201cUn domingo como hoy, caluroso y quieto, el odio derram\u00f3 la sangre de 13 j\u00f3venes uniformados, que pasaron a la inmortalidad defendiendo su bandera, su regimiento, su casa, nuestra patria\u201d, sostuvo; y valor\u00f3 a las mujeres que \u201cvieron morir a sus hijos y sus esposos\u201d.<\/p>\n<p style=\"text-align: justify;\">\u201cPor eso hoy como Vicepresidente retorno a estas tierras donde el hero\u00edsmo corre por sus venas, para rendir homenaje, reclamar el lugar en la historia que nuestros soldados formose\u00f1os merecen y pedirle al pueblo argentino que hagamos el esfuerzo de unirnos\u201d, sintetiz\u00f3.<\/p>\n<p style=\"text-align: justify;\">Finalmente, hicieron su retiro de la Plaza de Armas las antorchas y las im\u00e1genes de los h\u00e9roes ca\u00eddos y concluy\u00f3 la ceremonia con el tradicional desfile c\u00edvico-militar en homenaje a los ca\u00eddos y veteranos del 5 de octubre de 1975, a 50 a\u00f1os de la heroica defensa del RIM 29.<\/p>\n","protected":false},"excerpt":{"rendered":"<div class=\"mh-excerpt\"><p>Este domingo 5 de octubre, por la tarde, el gobernador de Formosa, Gildo Insfr\u00e1n, presidi\u00f3 el acto conmemorativo por el 50\u00b0 aniversario de la heroica <a class=\"mh-excerpt-more\" href=\"https:\/\/primiciasclorinda.com\/?p=38189\" title=\"El Gobernador encabez\u00f3 el acto homenaje a los h\u00e9roes formose\u00f1os en el 50\u00b0 aniversario de la defensa del RIM 29\">[&#8230;]<\/a><\/p>\n<\/div>","protected":false},"author":3,"featured_media":38180,"comment_status":"open","ping_status":"open","sticky":false,"template":"","format":"standard","meta":{"footnotes":""},"categories":[3],"tags":[23,5206],"class_list":["post-38189","post","type-post","status-publish","format-standard","has-post-thumbnail","hentry","category-politica-economia","tag-formosa","tag-homenaje-copamiento-rim29"],"_links":{"self":[{"href":"https:\/\/primiciasclorinda.com\/index.php?rest_route=\/wp\/v2\/posts\/38189","targetHints":{"allow":["GET"]}}],"collection":[{"href":"https:\/\/primiciasclorinda.com\/index.php?rest_route=\/wp\/v2\/posts"}],"about":[{"href":"https:\/\/primiciasclorinda.com\/index.php?rest_route=\/wp\/v2\/types\/post"}],"author":[{"embeddable":true,"href":"https:\/\/primiciasclorinda.com\/index.php?rest_route=\/wp\/v2\/users\/3"}],"replies":[{"embeddable":true,"href":"https:\/\/primiciasclorinda.com\/index.php?rest_route=%2Fwp%2Fv2%2Fcomments&post=38189"}],"version-history":[{"count":1,"href":"https:\/\/primiciasclorinda.com\/index.php?rest_route=\/wp\/v2\/posts\/38189\/revisions"}],"predecessor-version":[{"id":38190,"href":"https:\/\/primiciasclorinda.com\/index.php?rest_route=\/wp\/v2\/posts\/38189\/revisions\/38190"}],"wp:featuredmedia":[{"embeddable":true,"href":"https:\/\/primiciasclorinda.com\/index.php?rest_route=\/wp\/v2\/media\/38180"}],"wp:attachment":[{"href":"https:\/\/primiciasclorinda.com\/index.php?rest_route=%2Fwp%2Fv2%2Fmedia&parent=38189"}],"wp:term":[{"taxonomy":"category","embeddable":true,"href":"https:\/\/primiciasclorinda.com\/index.php?rest_route=%2Fwp%2Fv2%2Fcategories&post=38189"},{"taxonomy":"post_tag","embeddable":true,"href":"https:\/\/primiciasclorinda.com\/index.php?rest_route=%2Fwp%2Fv2%2Ftags&post=38189"}],"curies":[{"name":"wp","href":"https:\/\/api.w.org\/{rel}","templated":true}]}}