{"id":38127,"date":"2025-10-03T08:54:30","date_gmt":"2025-10-03T11:54:30","guid":{"rendered":"http:\/\/primiciasclorinda.com\/?p=38127"},"modified":"2025-10-03T08:54:30","modified_gmt":"2025-10-03T11:54:30","slug":"el-gobernador-insfran-anuncio-un-aumento-salarial-del-10-a-estatales","status":"publish","type":"post","link":"https:\/\/primiciasclorinda.com\/?p=38127","title":{"rendered":"El gobernador Insfr\u00e1n anunci\u00f3 un aumento salarial del 10% a estatales"},"content":{"rendered":"<p style=\"text-align: justify;\">Sumado a las modificaciones ocurridas durante este a\u00f1o, representa un incremento acumulado del 55%.<\/p>\n<p style=\"text-align: justify;\">En conferencia de prensa desde Casa de Gobierno, el gobernador de Formosa, Gildo Insfr\u00e1n, anunci\u00f3 este jueves 2 de octubre un nuevo aumento salarial del 10% que se suma a las modificaciones ocurridas durante este a\u00f1o y ya totaliza un acumulado de 55%.<\/p>\n<p style=\"text-align: justify;\">Acompa\u00f1ado por representantes de diferentes gremios de trabajadores, el mandatario explic\u00f3 que esta decisi\u00f3n se tom\u00f3 en l\u00ednea con el permanente prop\u00f3sito del Gobierno provincial, mediante medidas de pol\u00edtica salarial acorde a las posibilidades del Tesoro local, de atender el deterioro del poder adquisitivo en los haberes del sector p\u00fablico y con motivo del resultado de las perjudiciales medidas de naturaleza socioecon\u00f3mica impulsadas por la actual gesti\u00f3n nacional.<\/p>\n<p style=\"text-align: justify;\">En ese marco, anunci\u00f3 que, se acord\u00f3 con los representantes de las entidades gremiales, a partir del 1\u00b0 de octubre, un incremento en las remuneraciones del personal de la Administraci\u00f3n P\u00fablica del 10% sobre los valores vigentes al mes de febrero de este a\u00f1o; y que sumado a las anteriores modificaciones ocurridas durante el presente a\u00f1o representa un aumento acumulado del 55%, medida que comprende a las jubilaciones y pensiones habilitadas por la Caja de Previsi\u00f3n Social.<br \/>\n\u201cEste aumento porcentual ordenado se extiende a los diferentes beneficios complementarios legales remunerativos que perciben los agentes activos que integran los distintos escalafones de la administraci\u00f3n general, a saber: guardias, horas extras diferenciadas, d\u00edas inh\u00e1biles, servicios por antig\u00fcedad, entre otros\u201d, detall\u00f3.<br \/>\nAsimismo, Insfr\u00e1n aclar\u00f3 que est\u00e1n excluidos de la medida establecida las autoridades superiores y agentes pasivos que se desempe\u00f1aron en tal condici\u00f3n.<\/p>\n<p style=\"text-align: justify;\">Escalaf\u00f3n docente<\/p>\n<p style=\"text-align: justify;\">Por su parte, para el escalaf\u00f3n docente, se fij\u00f3 el nuevo valor del Punto \u00cdndice en: $1463,964367.<br \/>\nY, en id\u00e9ntico sentido a la novedad salarial anunciada se acord\u00f3, se\u00f1al\u00f3 el Gobernador, el aumento del 10% en los rubros del Fondo Provincial de Incentivo Docente (FOPID) y Conectividad Provincial, respectivamente, tambi\u00e9n sobre los valores que se percib\u00edan a febrero de este a\u00f1o.<\/p>\n<p style=\"text-align: justify;\">De igual modo, el porcentaje de incremento fijado se extiende, al rubro \u201cComplemento Docente por Servicios\u201d, sobre los importes oportunamente autorizados para cada uno de los tramos que lo integran, sobre los valores de febrero de este a\u00f1o.<\/p>\n<p style=\"text-align: justify;\">Salario m\u00ednimo de bolsillo<\/p>\n<p style=\"text-align: justify;\">De esta manera, Insfr\u00e1n confirm\u00f3 que se estableci\u00f3, para todos los escalafones de la Administraci\u00f3n P\u00fablica, un salario m\u00ednimo de bolsillo garantizado de 880 mil pesos, suma que no incluye las asignaciones familiares.<br \/>\nNi tampoco el resto de los beneficios -complementos y\/o suplementos-, que pudieran corresponder a los agentes de los diferentes escalafones: horas extras, asistencia social al personal, servicio por antig\u00fcedad, fondo est\u00edmulo, productividad, entre otros.<br \/>\nPor \u00faltimo, el titular del Ejecutivo Provincial destac\u00f3 que el porcentaje de aumento anunciado alcanza a los beneficiarios comprendidos por la Ley N\u00b0 482 del Instituto de Pensiones Sociales (IPS).<\/p>\n<p style=\"text-align: justify;\">De esta forma, este conjunto de medidas de pol\u00edtica salarial adoptadas para beneficio de los agentes activos y pasivos de la Administraci\u00f3n P\u00fablica, representan para el Tesoro local en t\u00e9rminos acumulados durante el presente a\u00f1o, un desembolso incremental superior a los 21 mil millones de pesos.<\/p>\n<p style=\"text-align: justify;\">Esta cifra, sumada a incrementos anteriormente acordados totalizan una cifra superior a los 321 millones de pesos asignados al rubro personal, que se financiar\u00e1 \u00edntegramente con recursos corrientes del presupuesto provincial, es decir sin acudir a endeudamiento.<\/p>\n","protected":false},"excerpt":{"rendered":"<div class=\"mh-excerpt\"><p>Sumado a las modificaciones ocurridas durante este a\u00f1o, representa un incremento acumulado del 55%. En conferencia de prensa desde Casa de Gobierno, el gobernador de <a class=\"mh-excerpt-more\" href=\"https:\/\/primiciasclorinda.com\/?p=38127\" title=\"El gobernador Insfr\u00e1n anunci\u00f3 un aumento salarial del 10% a estatales\">[&#8230;]<\/a><\/p>\n<\/div>","protected":false},"author":3,"featured_media":38120,"comment_status":"open","ping_status":"open","sticky":false,"template":"","format":"standard","meta":{"footnotes":""},"categories":[3],"tags":[706,5188],"class_list":["post-38127","post","type-post","status-publish","format-standard","has-post-thumbnail","hentry","category-politica-economia","tag-aumento-salarial","tag-formmosa"],"_links":{"self":[{"href":"https:\/\/primiciasclorinda.com\/index.php?rest_route=\/wp\/v2\/posts\/38127","targetHints":{"allow":["GET"]}}],"collection":[{"href":"https:\/\/primiciasclorinda.com\/index.php?rest_route=\/wp\/v2\/posts"}],"about":[{"href":"https:\/\/primiciasclorinda.com\/index.php?rest_route=\/wp\/v2\/types\/post"}],"author":[{"embeddable":true,"href":"https:\/\/primiciasclorinda.com\/index.php?rest_route=\/wp\/v2\/users\/3"}],"replies":[{"embeddable":true,"href":"https:\/\/primiciasclorinda.com\/index.php?rest_route=%2Fwp%2Fv2%2Fcomments&post=38127"}],"version-history":[{"count":1,"href":"https:\/\/primiciasclorinda.com\/index.php?rest_route=\/wp\/v2\/posts\/38127\/revisions"}],"predecessor-version":[{"id":38128,"href":"https:\/\/primiciasclorinda.com\/index.php?rest_route=\/wp\/v2\/posts\/38127\/revisions\/38128"}],"wp:featuredmedia":[{"embeddable":true,"href":"https:\/\/primiciasclorinda.com\/index.php?rest_route=\/wp\/v2\/media\/38120"}],"wp:attachment":[{"href":"https:\/\/primiciasclorinda.com\/index.php?rest_route=%2Fwp%2Fv2%2Fmedia&parent=38127"}],"wp:term":[{"taxonomy":"category","embeddable":true,"href":"https:\/\/primiciasclorinda.com\/index.php?rest_route=%2Fwp%2Fv2%2Fcategories&post=38127"},{"taxonomy":"post_tag","embeddable":true,"href":"https:\/\/primiciasclorinda.com\/index.php?rest_route=%2Fwp%2Fv2%2Ftags&post=38127"}],"curies":[{"name":"wp","href":"https:\/\/api.w.org\/{rel}","templated":true}]}}