{"id":37963,"date":"2025-09-26T08:50:09","date_gmt":"2025-09-26T11:50:09","guid":{"rendered":"http:\/\/primiciasclorinda.com\/?p=37963"},"modified":"2025-09-26T08:50:09","modified_gmt":"2025-09-26T11:50:09","slug":"el-gobierno-relativiza-el-efecto-electoral-del-fin-de-las-retenciones-cero-en-pba-y-las-provincias-productivas","status":"publish","type":"post","link":"https:\/\/primiciasclorinda.com\/?p=37963","title":{"rendered":"El Gobierno relativiza el efecto electoral del fin de las retenciones cero en PBA y las provincias productivas"},"content":{"rendered":"<p style=\"text-align: justify;\">Creen que en C\u00f3rdoba, Santa Fe y Buenos Aires el votante del campo privilegiar\u00e1 castigar al kirchnerismo. De todas formas, admiten que Provincias Unidas tiene ventaja en los principales distritos<\/p>\n<p style=\"text-align: justify;\">El sorpresivo fin de las retenciones cero para el trigo y la soja que hab\u00eda anunciado el Gobierno puso en alerta a los medianos y peque\u00f1os productores a -casi- un mes de las elecciones nacionales, y a medida que crece el espacio opositor con base en el interior Provincias Unidas. En el Gobierno, sin embargo, aseguran que la fugacidad de la festejada medida no tendr\u00e1 un efecto electoral negativo para el oficialismo.<\/p>\n<p style=\"text-align: justify;\">En cambio, en Balcarce 50 est\u00e1n convencidos de que primar\u00e1 la valoraci\u00f3n del intento de beneficiar al sector -aunque en esta ronda se beneficiaron s\u00f3lo los grandes actores. Y, sobre todo, la promesa de que eliminar\u00e1n el gravamen definitivamente (cosa que, aclararon una vez m\u00e1s, por ahora no ocurrir\u00e1).<br \/>\nARCA anunci\u00f3 el mi\u00e9rcoles a la noche que estaba cubierto el cupo previsto en el decreto para las declaraciones juradas de ventas al exterior, es decir, la iniciativa de retenciones cero que el Gobierno impuls\u00f3 esta semana para engrosar las reservas del Banco Central. Y las cr\u00edticas del sector no demoraron ni 12 horas en escucharse.<br \/>\nLos se\u00f1alamientos llegaron incluso de un aliado como Nicol\u00e1s Pino, el titular de la Sociedad Rural, que tiene una relaci\u00f3n fluida con el Presidente y de amistad con varios funcionarios nacionales. Ayer, el representante de los peque\u00f1os productores en la Mesa de Enlace, si bien pidi\u00f3 \u00abser muy prudentes\u00bb dijo que les \u201cllam\u00f3 la atenci\u00f3n\u201d que \u00aben 48, 72 horas se cubra todo y que volvamos de vuelta como antes\u201d. Y desliz\u00f3: \u201cQueremos ver si el productor realmente pudo aprovechar este beneficio. \u00bfC\u00f3mo puede ser que la exportaci\u00f3n haya emitido en tan poco tiempo tantas declaraciones juradas para cubrir semejante cantidad de dinero?\u201d.<\/p>\n<p style=\"text-align: justify;\">En la Casa Rosada dijeron \u201centender\u201d la postura de Pino, pero defendieron el proceso. \u201cNosotros lo comunicamos en tiempo y forma, hab\u00eda un l\u00edmite\u201d, dijeron. \u201cEl problema es que los jugadores m\u00e1s grandes estaban mejor preparados. Pero eso no es nuestra responsabilidad\u201d.<br \/>\nLo breve de la medida ocup\u00f3 los titulares de los diarios y la TV, que tres d\u00edas antes hab\u00edan dado cuenta del alivio del sector. \u201cNo sab\u00edamos en cu\u00e1nto tiempo \u00edbamos a llegar al tope, pero estaba aclarado\u201d, insistieron en Gobierno. Y aclararon, reiteradamente, que no hubo una marcha atr\u00e1s. \u201cEntendemos lo que le pasa a Pino. Y si alguien de nuestro gobierno osa responderle ser\u00eda un grave error. Pero \u00e9l tambi\u00e9n sabe c\u00f3mo funciona esto\u201d, sostuvieron.<br \/>\nNo hay un atisbo de mea culpa en el Gobierno, y en el comando de campa\u00f1a no esperan que el malestar en el agro impacte en el resultado de las elecciones del interior productivo, a pesar de que crece la amenaza de Provincias Unidas -la \u201ctercera v\u00eda\u201d, como llam\u00f3 al recientemente creado espacio desde\u00f1osamente el Presidente hace diez d\u00edas, desde Paraguay.<\/p>\n<p style=\"text-align: justify;\">En rigor, ya daban por perdidas Santa Fe y C\u00f3rdoba, donde proyectan salir segundos detr\u00e1s de la fuerza de cinco gobernadores. \u201cNo hay ninguna chance siquiera de un empate. (El gobernador santafecino, Maximiliano) Pullaro tiene una buena gesti\u00f3n y lleva a la vice; contra (Juan\u201d Schiaretti no se puede en C\u00f3rdoba\u201d, reconoci\u00f3 un armador. Pero aclar\u00f3 que quedar segundos en esas provincias no significa un rev\u00e9s en el total del pa\u00eds. En cambio, a\u00fan tienen esperanzas de imponerse en primer lugar.<\/p>\n<p style=\"text-align: justify;\">En Balcarce 50 tambi\u00e9n aseguran que la \u201creaparici\u00f3n\u201d de las retenciones no repercutir\u00e1 en la Provincia de Buenos Aires, donde necesitan sobremanera revertir la tendencia marcada en las elecciones locales. Esto, a pesar de que el 7 de septiembre tuvieron dificultades para imponerse -o directamente quedaron relegados- incluso en las secciones del interior bonaerenses, donde descontaban una buena performance. Ahora su suerte est\u00e1 atada estrictamente a las chances de reducir la diferencia con el kirchnerismo, tambi\u00e9n, en esas tierras. \u00bfA cu\u00e1nto? Nadie quiere arriesgar un porcentaje, despu\u00e9s de las fallas graves en las proyecciones violetas en los \u00faltimos comicios, cuando hablaban de un empate t\u00e9cnico y perdieron por 13 puntos.<\/p>\n<p style=\"text-align: justify;\">En resumen, los libertarios dan por perdidos los principales distritos del interior a manos de los l\u00edderes locales, pero apuestan a quedar segundos, por encima del kirchnerismo. Y ponen fichas a una victoria nacional, basados en el caudal acumulado en la Ciudad, en Mendoza y en PBA (en este caso, si es logran un aumento la participaci\u00f3n, es decir, que salgan a votar los desencantados propios).<\/p>\n<p style=\"text-align: justify;\">Bajo el paraguas de este an\u00e1lisis, el rev\u00e9s con el escabroso tema de las retenciones, dicen, no los afectar\u00eda especialmente. \u201cDel otro lado est\u00e1 el kirchnerismo que quiere retenciones del 40 por ciento\u201d, sostuvo un dirigente de alto peso, abrazado a la campa\u00f1a del miedo al pasado que enarbolar\u00e1 el oficialismo en el territorio m\u00e1s poblado.<\/p>\n","protected":false},"excerpt":{"rendered":"<div class=\"mh-excerpt\"><p>Creen que en C\u00f3rdoba, Santa Fe y Buenos Aires el votante del campo privilegiar\u00e1 castigar al kirchnerismo. De todas formas, admiten que Provincias Unidas tiene <a class=\"mh-excerpt-more\" href=\"https:\/\/primiciasclorinda.com\/?p=37963\" title=\"El Gobierno relativiza el efecto electoral del fin de las retenciones cero en PBA y las provincias productivas\">[&#8230;]<\/a><\/p>\n<\/div>","protected":false},"author":3,"featured_media":37970,"comment_status":"open","ping_status":"open","sticky":false,"template":"","format":"standard","meta":{"footnotes":""},"categories":[3],"tags":[70,5150],"class_list":["post-37963","post","type-post","status-publish","format-standard","has-post-thumbnail","hentry","category-politica-economia","tag-gobierno-nacional","tag-retenciones-al-agro"],"_links":{"self":[{"href":"https:\/\/primiciasclorinda.com\/index.php?rest_route=\/wp\/v2\/posts\/37963","targetHints":{"allow":["GET"]}}],"collection":[{"href":"https:\/\/primiciasclorinda.com\/index.php?rest_route=\/wp\/v2\/posts"}],"about":[{"href":"https:\/\/primiciasclorinda.com\/index.php?rest_route=\/wp\/v2\/types\/post"}],"author":[{"embeddable":true,"href":"https:\/\/primiciasclorinda.com\/index.php?rest_route=\/wp\/v2\/users\/3"}],"replies":[{"embeddable":true,"href":"https:\/\/primiciasclorinda.com\/index.php?rest_route=%2Fwp%2Fv2%2Fcomments&post=37963"}],"version-history":[{"count":1,"href":"https:\/\/primiciasclorinda.com\/index.php?rest_route=\/wp\/v2\/posts\/37963\/revisions"}],"predecessor-version":[{"id":37971,"href":"https:\/\/primiciasclorinda.com\/index.php?rest_route=\/wp\/v2\/posts\/37963\/revisions\/37971"}],"wp:featuredmedia":[{"embeddable":true,"href":"https:\/\/primiciasclorinda.com\/index.php?rest_route=\/wp\/v2\/media\/37970"}],"wp:attachment":[{"href":"https:\/\/primiciasclorinda.com\/index.php?rest_route=%2Fwp%2Fv2%2Fmedia&parent=37963"}],"wp:term":[{"taxonomy":"category","embeddable":true,"href":"https:\/\/primiciasclorinda.com\/index.php?rest_route=%2Fwp%2Fv2%2Fcategories&post=37963"},{"taxonomy":"post_tag","embeddable":true,"href":"https:\/\/primiciasclorinda.com\/index.php?rest_route=%2Fwp%2Fv2%2Ftags&post=37963"}],"curies":[{"name":"wp","href":"https:\/\/api.w.org\/{rel}","templated":true}]}}