{"id":37947,"date":"2025-09-25T08:37:57","date_gmt":"2025-09-25T11:37:57","guid":{"rendered":"http:\/\/primiciasclorinda.com\/?p=37947"},"modified":"2025-09-25T08:37:57","modified_gmt":"2025-09-25T11:37:57","slug":"tras-el-pedido-de-bessent-el-gobierno-dio-por-terminado-el-alivio-fiscal-y-volvera-a-cobrar-retenciones-a-los-granos-y-la-carne","status":"publish","type":"post","link":"https:\/\/primiciasclorinda.com\/?p=37947","title":{"rendered":"Tras el pedido de Bessent. El Gobierno dio por terminado el alivio fiscal y volver\u00e1 a cobrar retenciones a los granos y la carne"},"content":{"rendered":"<p style=\"text-align: justify;\">Seg\u00fan la agencia recaudadora, \u00abse ha alcanzado la registraci\u00f3n del cupo de siete mil millones de d\u00f3lares previsto por el decreto 682\/2025\u00bb, que llev\u00f3 a cero los derechos de exportaci\u00f3n, en principio hasta el 31 de octubre.<\/p>\n<p style=\"text-align: justify;\">El Gobierno, a trav\u00e9s de Arca, inform\u00f3 que \u00abse ha alcanzado la registraci\u00f3n del cupo de siete mil millones de d\u00f3lares previsto por el decreto 682\/2025, por lo que se ha dado de baja la opci\u00f3n de registraci\u00f3n de las Declaraciones Juradas de Venta al Exterior (DJVE) que se encuentren amparadas por el beneficio del citado decreto\u00bb. En un comunicado, la agencia recaudadora avis\u00f3 que, a partir de ahora, \u00absolo podr\u00e1n registrarse DJVE bajo el esquema vigente anterior al decreto 682\/2025\u00bb.<\/p>\n<p style=\"text-align: justify;\">La rebaja de retenciones ten\u00eda un plazo y un tope financiero. El beneficio de retenciones cero estar\u00eda vigente hasta el 31 de octubre de 2025 o hasta que el volumen de ventas alcance registros de Declaraciones Juradas de Venta al Exterior (DJVE) por un importe equivalente a 7000 millones de d\u00f3lares.<\/p>\n<p style=\"text-align: justify;\">La decisi\u00f3n tiene de trasfondo el reclamo que el secretario del Tesoro, Scott Bessent, realiz\u00f3 al anunciar que la Casa Blanca estaba en negociaciones con funcionarios argentinos por una l\u00ednea de swap de 20.000 millones de d\u00f3lares con el Banco Central. En ese marco, el funcionario norteamericano incluy\u00f3 una referencia directa al esquema fiscal del campo. \u00abEstamos trabajando con el gobierno argentino para poner fin a la exenci\u00f3n fiscal para los productores de materias primas que convierten divisas\u00bb, afirm\u00f3 Bessent en su cuenta de X.<\/p>\n<p style=\"text-align: justify;\">Como inform\u00f3 El Cronista, el alivio fiscal que anunci\u00f3 el Gobierno encendi\u00f3 en las \u00faltimas horas los motores del campo que, en las primeras 48 horas de vigencia del Decreto 682\/2025 que fijo en 0% los derechos de exportaci\u00f3n para granos, subproductos y carne, ya hab\u00eda comercializado 11,47 millones de toneladas.<\/p>\n<p style=\"text-align: justify;\">Seg\u00fan los n\u00fameros de la Bolsa de Comercio de Rosario, el volumen operado equivale al 59,7% del tope establecido por el Decreto 682\/2025 y se estima que el valor asciende a u$s 4181 millones.<br \/>\nEl alivio fiscal alcanzaba a la soja, el ma\u00edz, el trigo, el girasol y otros cultivos, con el objetivo de ayudar al ingreso de divisas y reforzar las reservas del Banco Central (BCRA).<br \/>\nAl hacer el anuncio de la baja de retenciones, el vocero presidencial, Manuel Adorni, explic\u00f3: \u00abLa vieja pol\u00edtica busca generar incertidumbre para boicotear el programa de gobierno. Al hacerlo castigan a los argentinos: no lo vamos a permitir. Por eso, y con el objetivo de generar mayor oferta de d\u00f3lares durante este per\u00edodo, hasta el 31 de octubre habr\u00e1 retenciones cero para todos los granos\u00bb.<\/p>\n<p style=\"text-align: justify;\">La presi\u00f3n de Bessent tiene, a su vez, un contexto econ\u00f3mico y geopol\u00edtico espec\u00edfico, que involucra a China, rival principal de Estados Unidos y uno de los beneficiarios de la eliminaci\u00f3n temporal de los derechos de exportaci\u00f3n por parte de Argentina. De hecho, ayer se supo que \u00abcompradores chinos reservaron al menos diez cargamentos de soja argentina\u00bb, inform\u00f3 Reuters.<\/p>\n<p style=\"text-align: justify;\">En un contexto de tensiones comerciales, mientras China mantiene un bloqueo de compra de soja a los Estados Unidos -como represalia al alza de aranceles-, tras la eliminaci\u00f3n de retenciones, ayer se hab\u00edan disparado las compras de oleaginosa a la Argentina.<\/p>\n","protected":false},"excerpt":{"rendered":"<div class=\"mh-excerpt\"><p>Seg\u00fan la agencia recaudadora, \u00abse ha alcanzado la registraci\u00f3n del cupo de siete mil millones de d\u00f3lares previsto por el decreto 682\/2025\u00bb, que llev\u00f3 a <a class=\"mh-excerpt-more\" href=\"https:\/\/primiciasclorinda.com\/?p=37947\" title=\"Tras el pedido de Bessent. El Gobierno dio por terminado el alivio fiscal y volver\u00e1 a cobrar retenciones a los granos y la carne\">[&#8230;]<\/a><\/p>\n<\/div>","protected":false},"author":3,"featured_media":37948,"comment_status":"open","ping_status":"open","sticky":false,"template":"","format":"standard","meta":{"footnotes":""},"categories":[3],"tags":[5151,5150],"class_list":["post-37947","post","type-post","status-publish","format-standard","has-post-thumbnail","hentry","category-politica-economia","tag-bressent","tag-retenciones-al-agro"],"_links":{"self":[{"href":"https:\/\/primiciasclorinda.com\/index.php?rest_route=\/wp\/v2\/posts\/37947","targetHints":{"allow":["GET"]}}],"collection":[{"href":"https:\/\/primiciasclorinda.com\/index.php?rest_route=\/wp\/v2\/posts"}],"about":[{"href":"https:\/\/primiciasclorinda.com\/index.php?rest_route=\/wp\/v2\/types\/post"}],"author":[{"embeddable":true,"href":"https:\/\/primiciasclorinda.com\/index.php?rest_route=\/wp\/v2\/users\/3"}],"replies":[{"embeddable":true,"href":"https:\/\/primiciasclorinda.com\/index.php?rest_route=%2Fwp%2Fv2%2Fcomments&post=37947"}],"version-history":[{"count":1,"href":"https:\/\/primiciasclorinda.com\/index.php?rest_route=\/wp\/v2\/posts\/37947\/revisions"}],"predecessor-version":[{"id":37949,"href":"https:\/\/primiciasclorinda.com\/index.php?rest_route=\/wp\/v2\/posts\/37947\/revisions\/37949"}],"wp:featuredmedia":[{"embeddable":true,"href":"https:\/\/primiciasclorinda.com\/index.php?rest_route=\/wp\/v2\/media\/37948"}],"wp:attachment":[{"href":"https:\/\/primiciasclorinda.com\/index.php?rest_route=%2Fwp%2Fv2%2Fmedia&parent=37947"}],"wp:term":[{"taxonomy":"category","embeddable":true,"href":"https:\/\/primiciasclorinda.com\/index.php?rest_route=%2Fwp%2Fv2%2Fcategories&post=37947"},{"taxonomy":"post_tag","embeddable":true,"href":"https:\/\/primiciasclorinda.com\/index.php?rest_route=%2Fwp%2Fv2%2Ftags&post=37947"}],"curies":[{"name":"wp","href":"https:\/\/api.w.org\/{rel}","templated":true}]}}