{"id":37809,"date":"2025-09-18T08:28:27","date_gmt":"2025-09-18T11:28:27","guid":{"rendered":"http:\/\/primiciasclorinda.com\/?p=37809"},"modified":"2025-09-18T08:28:27","modified_gmt":"2025-09-18T11:28:27","slug":"la-camara-de-diputados-logro-insistir-con-la-ley-del-garrahan-y-otro-veto-de-milei-queda-a-un-paso-de-caer","status":"publish","type":"post","link":"https:\/\/primiciasclorinda.com\/?p=37809","title":{"rendered":"La C\u00e1mara de Diputados logr\u00f3 insistir con la Ley del Garrahan y otro veto de Milei queda a un paso de caer"},"content":{"rendered":"<p style=\"text-align: justify;\">La norma, que hab\u00eda obtenido los dos tercios la primera vez, volvi\u00f3 a conseguir tal mayor\u00eda, al recibir 181 votos a favor, 60 en contra y una abstenci\u00f3n. Define el Senado, donde el oficialismo tiene chances casi nulas.<br \/>\nEn medio de una jornada intensa en las calles, con una multitudinaria y variada movilizaci\u00f3n en las puertas del Congreso, la C\u00e1mara de Diputados logr\u00f3 la insistencia de la Ley de Emergencia Pedi\u00e1trica, que busca garantizar el financiamiento para el Hospital Garrahan.<\/p>\n<p style=\"text-align: justify;\">La norma, que hab\u00eda obtenido los dos tercios la primera vez que se vot\u00f3 el pasado 6 de agosto, fue ratificada este mi\u00e9rcoles con 181 votos a favor, 60 en contra y una abstenci\u00f3n. Ahora, tendr\u00e1 que volver a votarse en el Senado, donde el oficialismo tiene casi nulas chances de frenar un nuevo rechazo a un veto del presidente Javier Milei.<br \/>\nTanto Garrahan como la Ley de Financiamiento Universitario se debatieron en conjunto durante la tarde de este mi\u00e9rcoles, como primeros temas de una sesi\u00f3n que arranc\u00f3 casi puntual, y en la aportaron al qu\u00f3rum los bloques de Uni\u00f3n por la Patria, Encuentro Federal, Democracia para Siempre, Coalici\u00f3n C\u00edvica, Frente de Izquierda, Innovaci\u00f3n Federal y UCR.<\/p>\n<p style=\"text-align: justify;\">Aunque hubo un intento de votar los vetos r\u00e1pidamente, finalmente hubo discursos, pero en tiempo acotado. Antes de eso, la habilitaci\u00f3n de tratamiento del tema, que tambi\u00e9n requer\u00eda dos tercios, obtuvo 173 votos a favor y 69 en contra.<br \/>\nLa ley se origin\u00f3 a partir del reclamo salarial de los trabajadores que se inici\u00f3 con fuerza en 2024. Justamente hace un a\u00f1o atr\u00e1s, en el prestigioso nosocomio de referencia nacional e internacional se realizaba el primer paro desde el comienzo del gobierno libertario. En lo que va del conflicto, los representantes del Garrahan afirman que ya se fueron m\u00e1s de 200 profesionales.<\/p>\n<p style=\"text-align: justify;\">La norma aprobada por ampl\u00edsima mayor\u00eda declara la emergencia sanitaria de la salud pedi\u00e1trica y de las residencias nacionales en salud de la Rep\u00fablica Argentina por el t\u00e9rmino de un a\u00f1o, \u00abdebido a la grave situaci\u00f3n que atraviesa el sistema de salud\u00bb.<br \/>\nAdem\u00e1s, declara al Hospital de Pediatr\u00eda \u201cProf. Dr. Juan P. Garrahan\u201d como \u00abhospital de referencia nacional en la atenci\u00f3n pedi\u00e1trica de alta complejidad\u00bb y establece que debe garantizarse \u00absu funcionamiento pleno y sostenido\u00bb.<br \/>\nAsimismo, prev\u00e9 la derogaci\u00f3n de la resoluci\u00f3n 2109\/25 del Ministerio de Salud, a trav\u00e9s de la cual se modific\u00f3 el r\u00e9gimen de residencias m\u00e9dicas.<\/p>\n<p style=\"text-align: justify;\">El texto contempla \u00abla asignaci\u00f3n prioritaria e inmediata de recursos presupuestarios para bienes de uso y consumo, insumos cr\u00edticos, mantenimiento de infraestructura, medicamentos, vacunas, tecnolog\u00edas m\u00e9dicas y personal esencial destinados al cuidado y atenci\u00f3n pedi\u00e1trica en el pa\u00eds\u00bb.<br \/>\nTambi\u00e9n, \u00abla recomposici\u00f3n inmediata de los salarios del personal de salud asistencial y no asistencial que atiende a la poblaci\u00f3n pedi\u00e1trica con criterios de equiparaci\u00f3n y reconocimiento por funciones cr\u00edticas\u00bb. All\u00ed, se incluye a los residentes nacionales de salud de todas las especialidades. \u00abLa recomposici\u00f3n no podr\u00e1 ser menor a la que recib\u00edan en t\u00e9rminos reales en noviembre del a\u00f1o 2023\u00bb, indica.<\/p>\n<p style=\"text-align: justify;\">Finalmente, se estipula la exenci\u00f3n a todo el personal de salud que se desempe\u00f1a en efectores p\u00fablicos y privados del pago de Ganancias cuando desempe\u00f1an actividades cr\u00edticas, horas extras y\/o guardias.<br \/>\nOtro de los art\u00edculos establece que el Poder Ejecutivo deber\u00e1 reasignar partidas presupuestarias correspondientes al Ministerio de Salud, dentro del ejercicio fiscal vigente, \u00aby podr\u00e1 ampliar los recursos mediante el uso de reservas destinadas a contingencias sanitarias\u00bb.<br \/>\nPor otra parte, se establece la creaci\u00f3n de \u201cuna comisi\u00f3n de seguimiento y evaluaci\u00f3n\u201d integrada por las autoridades de la Comisi\u00f3n de Acci\u00f3n Social y Salud P\u00fablica de Diputados y de la Comisi\u00f3n de Salud del Senado, representantes del Ministerio de Salud, representantes del COFESA y representantes de la Sociedad Argentina de Pediatr\u00eda, que deber\u00e1 emitir informes trimestrales p\u00fablicos sobre el cumplimiento de la ley.<\/p>\n<p style=\"text-align: justify;\">\u201cMientras dure la emergencia, los programas y acciones de salud infantil y adolescente tendr\u00e1n prioridad en la asignaci\u00f3n y ejecuci\u00f3n presupuestaria, en particular en relaci\u00f3n con hospitales p\u00fablicos de referencia, servicios de urgencia, internaci\u00f3n, neonatolog\u00eda, trasplantes, cirug\u00edas cardiacas, oncolog\u00eda pedi\u00e1trica\u201d, a\u00f1ade.<br \/>\nEn el veto publicado en el Bolet\u00edn Oficial el pasado 11 de septiembre, a trav\u00e9s del decreto 651\/25, el Gobierno argument\u00f3 que el proyecto \u00abno s\u00f3lo carece de un financiamiento genuino, sino que posee una redacci\u00f3n ambigua que fomenta la arbitrariedad y la falta de claridad en los mecanismos de implementaci\u00f3n, profundiza distorsiones salariales, compromete programas esenciales, erosiona la coparticipaci\u00f3n federal y pone en jaque la estabilidad presupuestaria de la Naci\u00f3n y de las provincias\u00bb.<\/p>\n<p style=\"text-align: justify;\">\u00abNuevamente el Honorable Congreso de la Naci\u00f3n pretende impulsar una medida que, bajo la apariencia de defender una causa noble, genera un aumento desmedido e irresponsable del gasto p\u00fablico, poniendo en riesgo el equilibrio fiscal\u00bb, agreg\u00f3 el PEN.<\/p>\n<p style=\"text-align: justify;\">El debate<\/p>\n<p style=\"text-align: justify;\">Durante el debate, la diputada del Frente de Izquierda Vilma Ripoll cuestion\u00f3 al Gobierno por los fondos destinados a la SIDE, al Ministerio de Seguridad y a exenciones de impuestos para grandes empresas. \u201cDe ah\u00ed tendr\u00edan que salir todos los millones de d\u00f3lares que servir\u00edan para sostener con dignidad al Garrahan\u201d, lugar al que consider\u00f3 \u201cun orgullo para todos\u201d. \u201cEs una inmoralidad\u201d, enfatiz\u00f3 y agreg\u00f3: \u201cNo nos vengan a decir que no hay para pagar lo que reclama el Garrahan, sobra para pagarle; lo que falta es decisi\u00f3n pol\u00edtica y reconocimiento a los trabajadores\u201d.<\/p>\n<p style=\"text-align: justify;\">\u201cDesde que nos fuimos de La Libertad Avanza vemos la realidad de otra manera\u201d, arranc\u00f3 el jefe del bloque Coherencia, Carlos D\u2019Alessandro. \u201cNosotros hoy nos preguntamos qui\u00e9n asesor\u00f3 al presidente Javier Milei cuando le dijo que ten\u00eda que vetar la Ley de Emergencia Pedi\u00e1trica\u201d, continu\u00f3.<br \/>\nEl puntano destac\u00f3 que \u201cno hablamos de una instituci\u00f3n cualquiera, es un emblema nacional, un hospital modelo en Latinoam\u00e9rica, un orgullo de la ciencia m\u00e9dica en Argentina, refugio de miles familias que vienen del interior\u201d. \u201cNo estamos hablando de planillas de Excel. No estamos hablando del equilibrio fiscal. Votar en contra del Garrahan es romper el equilibrio moral\u201d, asever\u00f3 el exintegrante del oficialismo.<\/p>\n<p style=\"text-align: justify;\">Desde la Coalici\u00f3n C\u00edvica, la legisladora Marcela Campagnoli afirm\u00f3 que el veto \u201ces un golpe directo a la salud de nuestros ni\u00f1os y al coraz\u00f3n del sistema sanitario\u201d. En este sentido, alert\u00f3 que en medio de \u201cpromesas en el aire\u201d sobre el presupuesto del a\u00f1o que viene, \u201cse recorta al Garrahan y hoy sufre bajas, desfinanciamiento, baja de tratamientos\u201d.<br \/>\nLa bonaerense sostuvo que la ley \u201cno es un capricho pol\u00edtico\u201d y advirti\u00f3 por los 40 mil millones de pesos que hay en un fondo de inversi\u00f3n, provenientes de recursos de la instituci\u00f3n. \u201c\u00bfPor qu\u00e9 esos dineros no se usan para recomponer salarios, insumos, infraestructura? \u00bfQu\u00e9 nos pasa? \u00bfPor qu\u00e9 no podemos mirar con el coraz\u00f3n lo que pasa en el Garrahan? \u00a1Son vidas, no son n\u00fameros!\u201d, exclam\u00f3.<\/p>\n<p style=\"text-align: justify;\">A su turno, el jefe de Democracia para Siempre, Pablo Juliano, resalt\u00f3 que en el \u00faltimo tiempo \u201cse fueron cerca de 300 profesionales altamente calificados\u201d del Garrahan. \u201cHay un rinc\u00f3n en nuestro pa\u00eds donde los argentinos perdemos el miedo de no saber qu\u00e9 les pasa a nuestros hijos\u201d, valor\u00f3 y dijo que \u201csi realmente el Gobierno entendi\u00f3 que es prioritaria la salud, no tiene por qu\u00e9 vetar este proyecto\u201d.<br \/>\n\u201cNo es una cuesti\u00f3n de n\u00fameros, no es una cuesti\u00f3n de una partida presupuestaria, es que todos los argentinos podamos sentir hacia d\u00f3nde va a el pa\u00eds\u201d, manifest\u00f3 el radical.<br \/>\nPor su parte, el titular de la bancada de la UCR, Rodrigo de Loredo, se\u00f1al\u00f3 que \u201cya el mercado y la sociedad saben, y en buena hora, que es una prioridad el equilibrio de nuestras cuentas\u201d, sin embargo, \u201cno es necesario sacrificar a los ni\u00f1os para demostrar ese mensaje de equilibrio\u201d.<\/p>\n<p style=\"text-align: justify;\">\u201cEl Garrahan es el \u00fanico hospital pedi\u00e1trico que tiene el Estado Nacional. La jurisdicci\u00f3n en materia de salud p\u00fablica est\u00e1 en la \u00f3rbita de las provincias, pero ninguna provincia tiene condiciones suficientes para sostener un hospital de este nivel de complejidad\u201d, subray\u00f3 y a\u00f1adi\u00f3 que \u201cel Garrahan es un hospital que pese a estar en la Ciudad de Buenos Aires no es un hospital porte\u00f1o, m\u00e1s del 50% de sus pacientes vienen del interior, en un pa\u00eds donde el 50% de los ni\u00f1os est\u00e1n bajo la l\u00ednea de la pobreza\u201d.<br \/>\nAvanzado el debate, la macrista Silvia Lospennato aclar\u00f3 que \u201ca nadie lo pueden llamar golpista por cumplir con su rol constitucional\u201d, ni al presidente por vetar, ni al Congreso por insistir con leyes. \u201cHace dos a\u00f1os que este Congreso no tiene Ley de Presupuesto, esa es la primera violaci\u00f3n a la Ley de Administraci\u00f3n Financiera que deber\u00eda preocuparnos a todos\u201d, apunt\u00f3. En esta l\u00ednea, tambi\u00e9n rechaz\u00f3 que quienes insistan con la ley quieran \u201cvoltear al Gobierno\u201d, o quienes acompa\u00f1en el veto \u201clo hagan porque hayan recibido coimas del Gobierno\u201d.<\/p>\n<p style=\"text-align: justify;\">Sobre el Garrahan, lo calific\u00f3 como \u201cun hospital con una calidad humana y t\u00e9cnica comparable a las mejores del mundo\u201d. \u201cNo vamos a resolver ni el problema de la salud ni de la educaci\u00f3n con estas leyes, pero estas leyes son un parche que van a resolver un parche de gesti\u00f3n\u201d, consider\u00f3 sobre la emergencia pedi\u00e1trica y el financiamiento universitario.<\/p>\n","protected":false},"excerpt":{"rendered":"<div class=\"mh-excerpt\"><p>La norma, que hab\u00eda obtenido los dos tercios la primera vez, volvi\u00f3 a conseguir tal mayor\u00eda, al recibir 181 votos a favor, 60 en contra <a class=\"mh-excerpt-more\" href=\"https:\/\/primiciasclorinda.com\/?p=37809\" title=\"La C\u00e1mara de Diputados logr\u00f3 insistir con la Ley del Garrahan y otro veto de Milei queda a un paso de caer\">[&#8230;]<\/a><\/p>\n<\/div>","protected":false},"author":3,"featured_media":37805,"comment_status":"open","ping_status":"open","sticky":false,"template":"","format":"standard","meta":{"footnotes":""},"categories":[3],"tags":[1388,5113],"class_list":["post-37809","post","type-post","status-publish","format-standard","has-post-thumbnail","hentry","category-politica-economia","tag-camara-de-diputados","tag-rechazo-al-veto"],"_links":{"self":[{"href":"https:\/\/primiciasclorinda.com\/index.php?rest_route=\/wp\/v2\/posts\/37809","targetHints":{"allow":["GET"]}}],"collection":[{"href":"https:\/\/primiciasclorinda.com\/index.php?rest_route=\/wp\/v2\/posts"}],"about":[{"href":"https:\/\/primiciasclorinda.com\/index.php?rest_route=\/wp\/v2\/types\/post"}],"author":[{"embeddable":true,"href":"https:\/\/primiciasclorinda.com\/index.php?rest_route=\/wp\/v2\/users\/3"}],"replies":[{"embeddable":true,"href":"https:\/\/primiciasclorinda.com\/index.php?rest_route=%2Fwp%2Fv2%2Fcomments&post=37809"}],"version-history":[{"count":1,"href":"https:\/\/primiciasclorinda.com\/index.php?rest_route=\/wp\/v2\/posts\/37809\/revisions"}],"predecessor-version":[{"id":37810,"href":"https:\/\/primiciasclorinda.com\/index.php?rest_route=\/wp\/v2\/posts\/37809\/revisions\/37810"}],"wp:featuredmedia":[{"embeddable":true,"href":"https:\/\/primiciasclorinda.com\/index.php?rest_route=\/wp\/v2\/media\/37805"}],"wp:attachment":[{"href":"https:\/\/primiciasclorinda.com\/index.php?rest_route=%2Fwp%2Fv2%2Fmedia&parent=37809"}],"wp:term":[{"taxonomy":"category","embeddable":true,"href":"https:\/\/primiciasclorinda.com\/index.php?rest_route=%2Fwp%2Fv2%2Fcategories&post=37809"},{"taxonomy":"post_tag","embeddable":true,"href":"https:\/\/primiciasclorinda.com\/index.php?rest_route=%2Fwp%2Fv2%2Ftags&post=37809"}],"curies":[{"name":"wp","href":"https:\/\/api.w.org\/{rel}","templated":true}]}}