{"id":37756,"date":"2025-09-15T08:31:58","date_gmt":"2025-09-15T11:31:58","guid":{"rendered":"http:\/\/primiciasclorinda.com\/?p=37756"},"modified":"2025-09-15T08:31:58","modified_gmt":"2025-09-15T11:31:58","slug":"disminuyeron-los-casos-de-coronavirus-en-la-provincia-24-positivos-ninguno-en-clorinda","status":"publish","type":"post","link":"https:\/\/primiciasclorinda.com\/?p=37756","title":{"rendered":"Disminuyeron los casos de Coronavirus en la provincia, 24 positivos, ninguno en Clorinda."},"content":{"rendered":"<p style=\"text-align: justify;\">El Ministerio de Desarrollo Humano inform\u00f3 una baja en los contagios durante la \u00faltima semana. Hay 32 casos activos, sin internaciones, y se recuerda a la poblaci\u00f3n que los vacunatorios siguen habilitados en toda la provincia.<\/p>\n<p style=\"text-align: justify;\">El Gobierno de la Provincia de Formosa, a trav\u00e9s del Ministerio de Desarrollo Humano, dio a conocer este domingo 14 de septiembre un nuevo reporte epidemiol\u00f3gico semanal sobre COVID-19, en el que se confirma una disminuci\u00f3n de los casos positivos respecto del per\u00edodo anterior.<\/p>\n<p style=\"text-align: justify;\">Durante la semana se realizaron 667 test de vigilancia y b\u00fasqueda activa de casos, de los cuales 24 dieron resultado positivo, lo que representa un \u00edndice de positividad del 3,6%.<\/p>\n<p style=\"text-align: justify;\">Distribuci\u00f3n geogr\u00e1fica de los casos<\/p>\n<p style=\"text-align: justify;\">Del total de casos detectados:<br \/>\n22 corresponden a la ciudad de Formosa, lo que concentra la mayor\u00eda de los contagios.<br \/>\n1 caso fue registrado en El Espinillo.<br \/>\n1 caso en El Colorado.<\/p>\n<p style=\"text-align: justify;\">Desde la cartera sanitaria provincial detallaron que actualmente hay 32 casos activos, mientras que en los \u00faltimos siete d\u00edas se otorgaron 37 altas m\u00e9dicas y no se registran pacientes internados por COVID-19.<br \/>\nAsimismo, se realizaron 195 llamados telef\u00f3nicos de seguimiento cl\u00ednico diario a personas diagnosticadas con la enfermedad.<\/p>\n<p style=\"text-align: justify;\">Datos acumulados desde el inicio de la pandemia<\/p>\n<p style=\"text-align: justify;\">En cuanto al balance general desde el inicio de la pandemia hasta la fecha, Formosa registra:<br \/>\n150.501 casos diagnosticados.<br \/>\n149.043 pacientes recuperados.<br \/>\n1.351 fallecimientos vinculados al coronavirus.<\/p>\n<p style=\"text-align: justify;\">Estos datos reflejan una alta tasa de recuperaci\u00f3n y una marcada disminuci\u00f3n de la gravedad de los cuadros cl\u00ednicos, especialmente gracias al impacto de la vacunaci\u00f3n.<\/p>\n<p style=\"text-align: justify;\">Vacunatorios habilitados y llamado a reforzar la inmunizaci\u00f3n<\/p>\n<p style=\"text-align: justify;\">Desde el Ministerio de Desarrollo Humano recordaron que todos los vacunatorios provinciales contin\u00faan abiertos y en funcionamiento, y se invita a la poblaci\u00f3n a acercarse para recibir los refuerzos correspondientes de la vacuna contra el COVID-19.<\/p>\n<p style=\"text-align: justify;\">Se insiste en la importancia de mantener actualizados los esquemas de vacunaci\u00f3n, especialmente en personas mayores, inmunocomprometidas y con enfermedades de base, dado que la inmunidad disminuye con el tiempo y la vacunaci\u00f3n sigue siendo la herramienta principal para evitar formas graves de la enfermedad.<\/p>\n<p style=\"text-align: justify;\">Recomendaciones sanitarias vigentes<\/p>\n<p style=\"text-align: justify;\">A pesar de la mejora en los indicadores, desde Salud reiteran la importancia de mantener medidas b\u00e1sicas de prevenci\u00f3n, como:<br \/>\nEl lavado frecuente de manos.<br \/>\nLa ventilaci\u00f3n de ambientes cerrados.<br \/>\nEl uso de barbijo en espacios con poca ventilaci\u00f3n o de alta circulaci\u00f3n de personas.<br \/>\nY, principalmente, no subestimar s\u00edntomas compatibles con COVID-19, como fiebre, tos, dolor de garganta o malestar general.<\/p>\n","protected":false},"excerpt":{"rendered":"<div class=\"mh-excerpt\"><p>El Ministerio de Desarrollo Humano inform\u00f3 una baja en los contagios durante la \u00faltima semana. Hay 32 casos activos, sin internaciones, y se recuerda a <a class=\"mh-excerpt-more\" href=\"https:\/\/primiciasclorinda.com\/?p=37756\" title=\"Disminuyeron los casos de Coronavirus en la provincia, 24 positivos, ninguno en Clorinda.\">[&#8230;]<\/a><\/p>\n<\/div>","protected":false},"author":3,"featured_media":37739,"comment_status":"open","ping_status":"open","sticky":false,"template":"","format":"standard","meta":{"footnotes":""},"categories":[4],"tags":[],"class_list":["post-37756","post","type-post","status-publish","format-standard","has-post-thumbnail","hentry","category-informacion-general"],"_links":{"self":[{"href":"https:\/\/primiciasclorinda.com\/index.php?rest_route=\/wp\/v2\/posts\/37756","targetHints":{"allow":["GET"]}}],"collection":[{"href":"https:\/\/primiciasclorinda.com\/index.php?rest_route=\/wp\/v2\/posts"}],"about":[{"href":"https:\/\/primiciasclorinda.com\/index.php?rest_route=\/wp\/v2\/types\/post"}],"author":[{"embeddable":true,"href":"https:\/\/primiciasclorinda.com\/index.php?rest_route=\/wp\/v2\/users\/3"}],"replies":[{"embeddable":true,"href":"https:\/\/primiciasclorinda.com\/index.php?rest_route=%2Fwp%2Fv2%2Fcomments&post=37756"}],"version-history":[{"count":1,"href":"https:\/\/primiciasclorinda.com\/index.php?rest_route=\/wp\/v2\/posts\/37756\/revisions"}],"predecessor-version":[{"id":37757,"href":"https:\/\/primiciasclorinda.com\/index.php?rest_route=\/wp\/v2\/posts\/37756\/revisions\/37757"}],"wp:featuredmedia":[{"embeddable":true,"href":"https:\/\/primiciasclorinda.com\/index.php?rest_route=\/wp\/v2\/media\/37739"}],"wp:attachment":[{"href":"https:\/\/primiciasclorinda.com\/index.php?rest_route=%2Fwp%2Fv2%2Fmedia&parent=37756"}],"wp:term":[{"taxonomy":"category","embeddable":true,"href":"https:\/\/primiciasclorinda.com\/index.php?rest_route=%2Fwp%2Fv2%2Fcategories&post=37756"},{"taxonomy":"post_tag","embeddable":true,"href":"https:\/\/primiciasclorinda.com\/index.php?rest_route=%2Fwp%2Fv2%2Ftags&post=37756"}],"curies":[{"name":"wp","href":"https:\/\/api.w.org\/{rel}","templated":true}]}}