{"id":37717,"date":"2025-09-14T08:51:31","date_gmt":"2025-09-14T11:51:31","guid":{"rendered":"http:\/\/primiciasclorinda.com\/?p=37717"},"modified":"2025-09-14T08:51:31","modified_gmt":"2025-09-14T11:51:31","slug":"formosa-celebran-el-nuevo-aniversario-del-paippa-columna-vertebral-del-modelo-formoseno","status":"publish","type":"post","link":"https:\/\/primiciasclorinda.com\/?p=37717","title":{"rendered":"Formosa. Celebran el nuevo aniversario del PAIPPA, \u201ccolumna vertebral del Modelo Formose\u00f1o\u201d"},"content":{"rendered":"<p style=\"text-align: justify;\">Desde el Ministerio de la Producci\u00f3n y Ambiente (MPyA) se subray\u00f3 que el pr\u00f3ximo 15 de septiembre se cumplir\u00e1 el 29\u00ba aniversario de la creaci\u00f3n del Instituto Provincial de Acci\u00f3n Integral al Peque\u00f1o Productor Agropecuario (PAIPPA).<\/p>\n<p style=\"text-align: justify;\">Este s\u00e1bado 13, se dio apertura a la XLI Fiesta Nacional del Pomelo en la localidad de Laguna Blanca, marco en el que decenas de stands institucionales de organismos del Gobierno de Formosa estuvieron presentes brindando informaci\u00f3n y atenciones a los visitantes.<\/p>\n<p style=\"text-align: justify;\">Como es costumbre, la cartera productiva y ambiental marc\u00f3 presencia a trav\u00e9s del Instituto PAIPPA y el Instituto Provincial de Colonizaci\u00f3n y Tierras Fiscales.<br \/>\nPaola Casco, responsable del \u00e1rea de Promoci\u00f3n y Planificaci\u00f3n del Instituto PAIPPA, se refiri\u00f3 en espec\u00edfico al aniversario del organismo que se celebra este lunes 15. \u201cCumplimos 29 a\u00f1os y es un orgullo para nosotros que tengamos tantos a\u00f1os de historia con nuestros productores\u201d, declar\u00f3 en testimonios recogidos por la Agencia de Noticias Formosa (AGENFOR).<\/p>\n<p style=\"text-align: justify;\">En la misma l\u00ednea, destac\u00f3 el gran remate ganadero que el MPyA realizar\u00e1 el martes 16 en la localidad de El Chorro en el marco de esta celebraci\u00f3n y cerr\u00f3 agradeciendo \u201cla planificaci\u00f3n y la visi\u00f3n del gobernador Gildo Insfr\u00e1n, quien siempre piensa en todos y, en especial, en los productores paipperos, a quienes les tiene un cari\u00f1o muy especial\u201d.<br \/>\nPor su parte, la doctora Mar\u00eda Isabel Atencia, administradora general del Instituto Provincial de Colonizaci\u00f3n y Tierras Fiscales, recalc\u00f3 que \u201cnos encontramos en el stand compartiendo con otras \u00e1reas del Ministerio porque somos un todo, formamos parte de un mismo modelo de trabajo que es el Modelo Formose\u00f1o, el cual convoca a la unidad institucional\u201d.<\/p>\n<p style=\"text-align: justify;\">Se\u00f1al\u00f3 que la tarea que est\u00e1n realizando consiste en ir \u201cmostr\u00e1ndole a la gente todo el trabajo institucional que se desarrolla para poder producir en la tierra propia del agricultor y el productor\u201d.<br \/>\n\u201cTrabajamos con los peque\u00f1os, medianos y grandes productores, pero, sobre todo, con los peque\u00f1os ense\u00f1\u00e1ndoles c\u00f3mo hacer para llegar al t\u00edtulo de propiedad\u201d, explic\u00f3.<\/p>\n<p style=\"text-align: justify;\">Por \u00faltimo, realz\u00f3 que \u201cel PAIPPA es la columna vertebral del Modelo Formose\u00f1o, porque est\u00e1n all\u00ed pensadas las familias agraria, a quienes hay que brindarles educaci\u00f3n, salud, conectividad, trabajo, producci\u00f3n, tierra, y todo eso, en un conjunto arm\u00f3nico dentro del modelo de provincia que trabaja de manera organizada y solidaria en beneficio del pueblo formose\u00f1o\u201d.<\/p>\n","protected":false},"excerpt":{"rendered":"<div class=\"mh-excerpt\"><p>Desde el Ministerio de la Producci\u00f3n y Ambiente (MPyA) se subray\u00f3 que el pr\u00f3ximo 15 de septiembre se cumplir\u00e1 el 29\u00ba aniversario de la creaci\u00f3n <a class=\"mh-excerpt-more\" href=\"https:\/\/primiciasclorinda.com\/?p=37717\" title=\"Formosa. Celebran el nuevo aniversario del PAIPPA, \u201ccolumna vertebral del Modelo Formose\u00f1o\u201d\">[&#8230;]<\/a><\/p>\n<\/div>","protected":false},"author":3,"featured_media":37721,"comment_status":"open","ping_status":"open","sticky":false,"template":"","format":"standard","meta":{"footnotes":""},"categories":[3],"tags":[1319,551],"class_list":["post-37717","post","type-post","status-publish","format-standard","has-post-thumbnail","hentry","category-politica-economia","tag-aniversario","tag-paippa"],"_links":{"self":[{"href":"https:\/\/primiciasclorinda.com\/index.php?rest_route=\/wp\/v2\/posts\/37717","targetHints":{"allow":["GET"]}}],"collection":[{"href":"https:\/\/primiciasclorinda.com\/index.php?rest_route=\/wp\/v2\/posts"}],"about":[{"href":"https:\/\/primiciasclorinda.com\/index.php?rest_route=\/wp\/v2\/types\/post"}],"author":[{"embeddable":true,"href":"https:\/\/primiciasclorinda.com\/index.php?rest_route=\/wp\/v2\/users\/3"}],"replies":[{"embeddable":true,"href":"https:\/\/primiciasclorinda.com\/index.php?rest_route=%2Fwp%2Fv2%2Fcomments&post=37717"}],"version-history":[{"count":1,"href":"https:\/\/primiciasclorinda.com\/index.php?rest_route=\/wp\/v2\/posts\/37717\/revisions"}],"predecessor-version":[{"id":37725,"href":"https:\/\/primiciasclorinda.com\/index.php?rest_route=\/wp\/v2\/posts\/37717\/revisions\/37725"}],"wp:featuredmedia":[{"embeddable":true,"href":"https:\/\/primiciasclorinda.com\/index.php?rest_route=\/wp\/v2\/media\/37721"}],"wp:attachment":[{"href":"https:\/\/primiciasclorinda.com\/index.php?rest_route=%2Fwp%2Fv2%2Fmedia&parent=37717"}],"wp:term":[{"taxonomy":"category","embeddable":true,"href":"https:\/\/primiciasclorinda.com\/index.php?rest_route=%2Fwp%2Fv2%2Fcategories&post=37717"},{"taxonomy":"post_tag","embeddable":true,"href":"https:\/\/primiciasclorinda.com\/index.php?rest_route=%2Fwp%2Fv2%2Ftags&post=37717"}],"curies":[{"name":"wp","href":"https:\/\/api.w.org\/{rel}","templated":true}]}}