{"id":37705,"date":"2025-09-13T08:33:28","date_gmt":"2025-09-13T11:33:28","guid":{"rendered":"http:\/\/primiciasclorinda.com\/?p=37705"},"modified":"2025-09-13T08:33:28","modified_gmt":"2025-09-13T11:33:28","slug":"laguna-blanca-todo-listo-para-la-fiesta-nacional-del-pomelo-2025","status":"publish","type":"post","link":"https:\/\/primiciasclorinda.com\/?p=37705","title":{"rendered":"LAGuna Blanca. Todo listo para la Fiesta Nacional del Pomelo 2025"},"content":{"rendered":"<p style=\"text-align: justify;\">\u201cEstamos a un d\u00eda de la 41\u00b0 Fiesta Nacional de Pomelo, que es un emblema cultural de la regi\u00f3n, as\u00ed que esper\u00e1ndola con much\u00edsimo entusiasmo\u201d, subray\u00f3 la ministra de Turismo de Formosa, Silvia Segovia, en declaraciones recogidas por AGENFOR.<\/p>\n<p style=\"text-align: justify;\">Este fin de semana, en la localidad de Laguna Blanca se vivir\u00e1 la 41\u00b0 edici\u00f3n de la Fiesta Nacional del Pomelo, gran evento que es organizado por el Gobierno de la provincia de Formosa, a trav\u00e9s del Ministerio de Turismo, la Municipalidad y el Concejo Deliberante de Laguna Blanca, con el apoyo del Consejo Federal de Inversiones (CFI) y la colaboraci\u00f3n de distintos organismos del Estado provincial.<br \/>\nComo cada a\u00f1o, el lugar de encuentro ser\u00e1 el Polideportivo Municipal Evita de Laguna Blanca, con entrada libre y gratuita.<\/p>\n<p style=\"text-align: justify;\">All\u00ed se podr\u00e1 disfrutar de espect\u00e1culos musicales con reconocidos artistas como Nicki Nicole, Soledad Pastorutti, Kapanga, Iv\u00e1n Ru\u00edz, \u00c1ngelo Aranda, Christian Herrera, Hern\u00e1n Arias, entre otros, adem\u00e1s de la tradicional expo-feria gastron\u00f3mica, artesanal, institucional y comercial. Y el domingo, doma, destrezas gauchas y la actuaci\u00f3n de m\u00fasicos locales.<br \/>\nAsimismo, habr\u00e1 un operativo especial de transporte p\u00fablico de pasajeros, servicio que estar\u00e1 dispuesto por el Gobierno provincial, a trav\u00e9s de la Direcci\u00f3n de Transporte, en articulaci\u00f3n con las empresas Nueva Godoy y Puerto Tirol.<\/p>\n<p style=\"text-align: justify;\">\u201cAprovechamos para invitarlos a todos a disfrutar de esta fiesta popular\u201d, destac\u00f3 la ministra Segovia, puntualizando que \u201cel s\u00e1bado se van a encontrar con la tradicional expo gastron\u00f3mica, de emprendedores y artesanos, al igual que comercios, servicios e industrias. Y podr\u00e1n disfrutar tambi\u00e9n de los espect\u00e1culos musicales con m\u00fasicos de primer nivel y nuestros artistas formose\u00f1os que son lo mejor que tenemos\u201d.<br \/>\nEn ese sentido, remarc\u00f3 que \u201cm\u00e1s all\u00e1 del esparcimiento y la recreaci\u00f3n, se trata de una fiesta muy importante, porque dinamiza todo lo que tiene que ver con las econom\u00edas regionales\u201d, confirmando que \u201ctenemos casi 300 emprendedores inscriptos\u201d.<\/p>\n<p style=\"text-align: justify;\">A su vez, la funcionaria enfatiz\u00f3 que \u201cpor decisi\u00f3n del gobernador Gildo Insfr\u00e1n, todos estos espacios son libres y gratuitos, as\u00ed como tambi\u00e9n lo son las entradas a los espect\u00e1culos musicales\u201d.<br \/>\n\u201cEsta es una acci\u00f3n que sostiene el Modelo Formose\u00f1o, totalmente contrapuesto a las pol\u00edticas nacionales que est\u00e1n destruyendo el sector tur\u00edstico\u201d, contrast\u00f3 y advirti\u00f3 que \u201cel turismo se encuentra en una crisis remarcada por estas pol\u00edticas del presidente Javier Milei\u201d.<\/p>\n<p style=\"text-align: justify;\">Asimismo, la titular de la cartera tur\u00edstica anticip\u00f3 que en el marco de la Fiesta Nacional del Pomelo, en el stand institucional del Ministerio, \u201cvamos a estar presentando el resultado final del Programa de Fortalecimiento de Circuitos Tur\u00edsticos, en este caso del circuito norte, que cont\u00f3 con la participaci\u00f3n de 12 localidades implicadas\u201d.<\/p>\n<p style=\"text-align: justify;\">Se trata de \u201cun trabajo que se realiz\u00f3 con la Universidad Provincial de Laguna Blanca (UPLaB), con los estudiantes de la Licenciatura en Turismo, para que puedan tener un primer acercamiento a lo que tiene que ver con los servicios tur\u00edsticos y potenciar la creaci\u00f3n de nuevas rutas\u201d.<br \/>\nAll\u00ed se podr\u00e1 disfrutar de espect\u00e1culos musicales con reconocidos artistas como Nicki Nicole, Soledad Pastorutti, Kapanga, Iv\u00e1n Ru\u00edz, \u00c1ngelo Aranda, Christian Herrera, Hern\u00e1n Arias, entre otros, adem\u00e1s de la tradicional expo-feria gastron\u00f3mica, artesanal, institucional y comercial. Y el domingo, doma, destrezas gauchas y la actuaci\u00f3n de m\u00fasicos locales.<\/p>\n<p style=\"text-align: justify;\">Asimismo, habr\u00e1 un operativo especial de transporte p\u00fablico de pasajeros, servicio que estar\u00e1 dispuesto por el Gobierno provincial, a trav\u00e9s de la Direcci\u00f3n de Transporte, en articulaci\u00f3n con las empresas Nueva Godoy y Puerto Tirol.<\/p>\n<p style=\"text-align: justify;\">\u201cAprovechamos para invitarlos a todos a disfrutar de esta fiesta popular\u201d, destac\u00f3 la ministra Segovia, puntualizando que \u201cel s\u00e1bado se van a encontrar con la tradicional expo gastron\u00f3mica, de emprendedores y artesanos, al igual que comercios, servicios e industrias. Y podr\u00e1n disfrutar tambi\u00e9n de los espect\u00e1culos musicales con m\u00fasicos de primer nivel y nuestros artistas formose\u00f1os que son lo mejor que tenemos\u201d.<br \/>\nEn ese sentido, remarc\u00f3 que \u201cm\u00e1s all\u00e1 del esparcimiento y la recreaci\u00f3n, se trata de una fiesta muy importante, porque dinamiza todo lo que tiene que ver con las econom\u00edas regionales\u201d, confirmando que \u201ctenemos casi 300 emprendedores inscriptos\u201d.<\/p>\n<p style=\"text-align: justify;\">A su vez, la funcionaria enfatiz\u00f3 que \u201cpor decisi\u00f3n del gobernador Gildo Insfr\u00e1n, todos estos espacios son libres y gratuitos, as\u00ed como tambi\u00e9n lo son las entradas a los espect\u00e1culos musicales\u201d.<br \/>\n\u201cEsta es una acci\u00f3n que sostiene el Modelo Formose\u00f1o, totalmente contrapuesto a las pol\u00edticas nacionales que est\u00e1n destruyendo el sector tur\u00edstico\u201d, contrast\u00f3 y advirti\u00f3 que \u201cel turismo se encuentra en una crisis remarcada por estas pol\u00edticas del presidente Javier Milei\u201d.<\/p>\n<p style=\"text-align: justify;\">Asimismo, la titular de la cartera tur\u00edstica anticip\u00f3 que en el marco de la Fiesta Nacional del Pomelo, en el stand institucional del Ministerio, \u201cvamos a estar presentando el resultado final del Programa de Fortalecimiento de Circuitos Tur\u00edsticos, en este caso del circuito norte, que cont\u00f3 con la participaci\u00f3n de 12 localidades implicadas\u201d.<\/p>\n<p style=\"text-align: justify;\">Se trata de \u201cun trabajo que se realiz\u00f3 con la Universidad Provincial de Laguna Blanca (UPLaB), con los estudiantes de la Licenciatura en Turismo, para que puedan tener un primer acercamiento a lo que tiene que ver con los servicios tur\u00edsticos y potenciar la creaci\u00f3n de nuevas rutas\u201d.<\/p>\n","protected":false},"excerpt":{"rendered":"<div class=\"mh-excerpt\"><p>\u201cEstamos a un d\u00eda de la 41\u00b0 Fiesta Nacional de Pomelo, que es un emblema cultural de la regi\u00f3n, as\u00ed que esper\u00e1ndola con much\u00edsimo entusiasmo\u201d, <a class=\"mh-excerpt-more\" href=\"https:\/\/primiciasclorinda.com\/?p=37705\" title=\"LAGuna Blanca. Todo listo para la Fiesta Nacional del Pomelo 2025\">[&#8230;]<\/a><\/p>\n<\/div>","protected":false},"author":3,"featured_media":37699,"comment_status":"open","ping_status":"open","sticky":false,"template":"","format":"standard","meta":{"footnotes":""},"categories":[3],"tags":[5101],"class_list":["post-37705","post","type-post","status-publish","format-standard","has-post-thumbnail","hentry","category-politica-economia","tag-fiesta-nacional-del-pomelo-2025"],"_links":{"self":[{"href":"https:\/\/primiciasclorinda.com\/index.php?rest_route=\/wp\/v2\/posts\/37705","targetHints":{"allow":["GET"]}}],"collection":[{"href":"https:\/\/primiciasclorinda.com\/index.php?rest_route=\/wp\/v2\/posts"}],"about":[{"href":"https:\/\/primiciasclorinda.com\/index.php?rest_route=\/wp\/v2\/types\/post"}],"author":[{"embeddable":true,"href":"https:\/\/primiciasclorinda.com\/index.php?rest_route=\/wp\/v2\/users\/3"}],"replies":[{"embeddable":true,"href":"https:\/\/primiciasclorinda.com\/index.php?rest_route=%2Fwp%2Fv2%2Fcomments&post=37705"}],"version-history":[{"count":1,"href":"https:\/\/primiciasclorinda.com\/index.php?rest_route=\/wp\/v2\/posts\/37705\/revisions"}],"predecessor-version":[{"id":37706,"href":"https:\/\/primiciasclorinda.com\/index.php?rest_route=\/wp\/v2\/posts\/37705\/revisions\/37706"}],"wp:featuredmedia":[{"embeddable":true,"href":"https:\/\/primiciasclorinda.com\/index.php?rest_route=\/wp\/v2\/media\/37699"}],"wp:attachment":[{"href":"https:\/\/primiciasclorinda.com\/index.php?rest_route=%2Fwp%2Fv2%2Fmedia&parent=37705"}],"wp:term":[{"taxonomy":"category","embeddable":true,"href":"https:\/\/primiciasclorinda.com\/index.php?rest_route=%2Fwp%2Fv2%2Fcategories&post=37705"},{"taxonomy":"post_tag","embeddable":true,"href":"https:\/\/primiciasclorinda.com\/index.php?rest_route=%2Fwp%2Fv2%2Ftags&post=37705"}],"curies":[{"name":"wp","href":"https:\/\/api.w.org\/{rel}","templated":true}]}}