{"id":37677,"date":"2025-09-11T08:54:31","date_gmt":"2025-09-11T11:54:31","guid":{"rendered":"http:\/\/primiciasclorinda.com\/?p=37677"},"modified":"2025-09-11T08:54:31","modified_gmt":"2025-09-11T11:54:31","slug":"clorinda-la-municipalidad-monto-un-stand-informativo-para-concientizar-a-los-vecinos-por-el-dia-mundial-para-la-prevencion-del-suicidio","status":"publish","type":"post","link":"https:\/\/primiciasclorinda.com\/?p=37677","title":{"rendered":"Clorinda. La Municipalidad mont\u00f3 un stand informativo para concientizar a los vecinos por el D\u00eda Mundial para la Prevenci\u00f3n del Suicidio"},"content":{"rendered":"<p style=\"text-align: justify;\">La comuna de Clorinda, a trav\u00e9s de su \u00e1rea de Servicio Social y el grupo de apoyo \u00bb SOMOS\u00bb instal\u00f3 un stand informativo este mi\u00e9rcoles en la vereda del CIC ubicado en la esquina de las calles Marana e Italia para concientizar y sensibilizar a los vecinos y vecinas, conmemorando de este modo el D\u00eda Mundial para la Prevenci\u00f3n del Suicidio, que se recuerda cada 10 de septiembre.<\/p>\n<p style=\"text-align: justify;\">La actividad en cuesti\u00f3n consisti\u00f3 en la entrega de folletos informativos e insignias referidas a la prevenci\u00f3n del suicidio, y en charlas con las personas que se acercaron para interiorizarse al respecto.<\/p>\n<p style=\"text-align: justify;\">Vale recordar que esta fecha nos recuerda la importancia de abordar este tema de manera seria y comprometida. Por ello, desde la Municipalidad de la ciudad, a trav\u00e9s del Equipo Interdisciplinario, vienen trabajando desde ya hace varios a\u00f1os, de manera ininterrumpida, en la prevenci\u00f3n del suicidio, un tema fundamental para la salud y para el bienestar integral de toda la comunidad.<\/p>\n<p style=\"text-align: justify;\">Adem\u00e1s desde la organizaci\u00f3n se mencion\u00f3 que es de suma importancia recordar la Ley Nacional de Prevenci\u00f3n del Suicidio (N\u00b0 27.130), donde se destaca la funci\u00f3n biopsicosocial, las investigaciones cient\u00edficas y epidemiol\u00f3gicas, las capacitaciones profesionales para detectar personas en riesgo y la asistencia a las familias.<\/p>\n","protected":false},"excerpt":{"rendered":"<div class=\"mh-excerpt\"><p>La comuna de Clorinda, a trav\u00e9s de su \u00e1rea de Servicio Social y el grupo de apoyo \u00bb SOMOS\u00bb instal\u00f3 un stand informativo este mi\u00e9rcoles <a class=\"mh-excerpt-more\" href=\"https:\/\/primiciasclorinda.com\/?p=37677\" title=\"Clorinda. La Municipalidad mont\u00f3 un stand informativo para concientizar a los vecinos por el D\u00eda Mundial para la Prevenci\u00f3n del Suicidio\">[&#8230;]<\/a><\/p>\n<\/div>","protected":false},"author":3,"featured_media":37670,"comment_status":"open","ping_status":"open","sticky":false,"template":"","format":"standard","meta":{"footnotes":""},"categories":[4],"tags":[26,5095],"class_list":["post-37677","post","type-post","status-publish","format-standard","has-post-thumbnail","hentry","category-informacion-general","tag-clorinda","tag-dia-mundial-prevencioin-suicidio"],"_links":{"self":[{"href":"https:\/\/primiciasclorinda.com\/index.php?rest_route=\/wp\/v2\/posts\/37677","targetHints":{"allow":["GET"]}}],"collection":[{"href":"https:\/\/primiciasclorinda.com\/index.php?rest_route=\/wp\/v2\/posts"}],"about":[{"href":"https:\/\/primiciasclorinda.com\/index.php?rest_route=\/wp\/v2\/types\/post"}],"author":[{"embeddable":true,"href":"https:\/\/primiciasclorinda.com\/index.php?rest_route=\/wp\/v2\/users\/3"}],"replies":[{"embeddable":true,"href":"https:\/\/primiciasclorinda.com\/index.php?rest_route=%2Fwp%2Fv2%2Fcomments&post=37677"}],"version-history":[{"count":1,"href":"https:\/\/primiciasclorinda.com\/index.php?rest_route=\/wp\/v2\/posts\/37677\/revisions"}],"predecessor-version":[{"id":37678,"href":"https:\/\/primiciasclorinda.com\/index.php?rest_route=\/wp\/v2\/posts\/37677\/revisions\/37678"}],"wp:featuredmedia":[{"embeddable":true,"href":"https:\/\/primiciasclorinda.com\/index.php?rest_route=\/wp\/v2\/media\/37670"}],"wp:attachment":[{"href":"https:\/\/primiciasclorinda.com\/index.php?rest_route=%2Fwp%2Fv2%2Fmedia&parent=37677"}],"wp:term":[{"taxonomy":"category","embeddable":true,"href":"https:\/\/primiciasclorinda.com\/index.php?rest_route=%2Fwp%2Fv2%2Fcategories&post=37677"},{"taxonomy":"post_tag","embeddable":true,"href":"https:\/\/primiciasclorinda.com\/index.php?rest_route=%2Fwp%2Fv2%2Ftags&post=37677"}],"curies":[{"name":"wp","href":"https:\/\/api.w.org\/{rel}","templated":true}]}}