{"id":37656,"date":"2025-09-10T08:43:24","date_gmt":"2025-09-10T11:43:24","guid":{"rendered":"http:\/\/primiciasclorinda.com\/?p=37656"},"modified":"2025-09-10T08:43:24","modified_gmt":"2025-09-10T11:43:24","slug":"clorinda-asistencia-tecnico-pedagogica-en-la-delegacion-zonal-de-educacion","status":"publish","type":"post","link":"https:\/\/primiciasclorinda.com\/?p=37656","title":{"rendered":"Clorinda. Asistencia t\u00e9cnico pedag\u00f3gica en la Delegaci\u00f3n Zonal de Educaci\u00f3n"},"content":{"rendered":"<h4 style=\"text-align: justify;\">Asistencia t\u00e9cnico pedag\u00f3gica en la Delegaci\u00f3n Zonal Clorinda.<\/h4>\n<h4 style=\"text-align: justify;\">El Coordinador de la Modalidad EIB, Prof. Adri\u00e1n Aranda, junto al equipo t\u00e9cnico de la Modalidad, realizaron asistencia t\u00e9cnica en las instituciones:<\/h4>\n<h4 style=\"text-align: justify;\">Santa Catalina Labour\u00e9, una actividad articulada con el Departamento de Educaci\u00f3n P\u00fablica de Gesti\u00f3n Privada.<br \/>\nUnidades Educativas de Modalidad EIB del B\u00ba Toba de la ciudad de Clorinda.<\/h4>\n<p style=\"text-align: justify;\"><img loading=\"lazy\" decoding=\"async\" class=\"wp-image-37657 aligncenter\" src=\"http:\/\/primiciasclorinda.com\/wp-content\/uploads\/2025\/09\/545156106_1391884846275603_152033036882690929_n-600x247.jpg\" alt=\"\" width=\"726\" height=\"299\" srcset=\"https:\/\/primiciasclorinda.com\/wp-content\/uploads\/2025\/09\/545156106_1391884846275603_152033036882690929_n-600x247.jpg 600w, https:\/\/primiciasclorinda.com\/wp-content\/uploads\/2025\/09\/545156106_1391884846275603_152033036882690929_n-300x124.jpg 300w, https:\/\/primiciasclorinda.com\/wp-content\/uploads\/2025\/09\/545156106_1391884846275603_152033036882690929_n-768x316.jpg 768w, https:\/\/primiciasclorinda.com\/wp-content\/uploads\/2025\/09\/545156106_1391884846275603_152033036882690929_n.jpg 1600w\" sizes=\"auto, (max-width: 726px) 100vw, 726px\" \/><\/p>\n<h4 style=\"text-align: justify;\">Se realizaron orientaciones sobre la perspectiva y enfoque intercultural biling\u00fce.<\/h4>\n<h4 style=\"text-align: justify;\">\nLa elaboraci\u00f3n de propuestas did\u00e1cticas integrales e interculturales que pongan en valor la diversidad ling\u00fc\u00edstica y cultural<\/h4>\n<h4 style=\"text-align: justify;\">El trabajo articulado con el docente ind\u00edgena<\/h4>\n","protected":false},"excerpt":{"rendered":"<div class=\"mh-excerpt\"><p>Asistencia t\u00e9cnico pedag\u00f3gica en la Delegaci\u00f3n Zonal Clorinda. El Coordinador de la Modalidad EIB, Prof. Adri\u00e1n Aranda, junto al equipo t\u00e9cnico de la Modalidad, realizaron <a class=\"mh-excerpt-more\" href=\"https:\/\/primiciasclorinda.com\/?p=37656\" title=\"Clorinda. Asistencia t\u00e9cnico pedag\u00f3gica en la Delegaci\u00f3n Zonal de Educaci\u00f3n\">[&#8230;]<\/a><\/p>\n<\/div>","protected":false},"author":3,"featured_media":37642,"comment_status":"open","ping_status":"open","sticky":false,"template":"","format":"standard","meta":{"footnotes":""},"categories":[4],"tags":[26,647],"class_list":["post-37656","post","type-post","status-publish","format-standard","has-post-thumbnail","hentry","category-informacion-general","tag-clorinda","tag-delegacion-zonal-de-educacion"],"_links":{"self":[{"href":"https:\/\/primiciasclorinda.com\/index.php?rest_route=\/wp\/v2\/posts\/37656","targetHints":{"allow":["GET"]}}],"collection":[{"href":"https:\/\/primiciasclorinda.com\/index.php?rest_route=\/wp\/v2\/posts"}],"about":[{"href":"https:\/\/primiciasclorinda.com\/index.php?rest_route=\/wp\/v2\/types\/post"}],"author":[{"embeddable":true,"href":"https:\/\/primiciasclorinda.com\/index.php?rest_route=\/wp\/v2\/users\/3"}],"replies":[{"embeddable":true,"href":"https:\/\/primiciasclorinda.com\/index.php?rest_route=%2Fwp%2Fv2%2Fcomments&post=37656"}],"version-history":[{"count":1,"href":"https:\/\/primiciasclorinda.com\/index.php?rest_route=\/wp\/v2\/posts\/37656\/revisions"}],"predecessor-version":[{"id":37658,"href":"https:\/\/primiciasclorinda.com\/index.php?rest_route=\/wp\/v2\/posts\/37656\/revisions\/37658"}],"wp:featuredmedia":[{"embeddable":true,"href":"https:\/\/primiciasclorinda.com\/index.php?rest_route=\/wp\/v2\/media\/37642"}],"wp:attachment":[{"href":"https:\/\/primiciasclorinda.com\/index.php?rest_route=%2Fwp%2Fv2%2Fmedia&parent=37656"}],"wp:term":[{"taxonomy":"category","embeddable":true,"href":"https:\/\/primiciasclorinda.com\/index.php?rest_route=%2Fwp%2Fv2%2Fcategories&post=37656"},{"taxonomy":"post_tag","embeddable":true,"href":"https:\/\/primiciasclorinda.com\/index.php?rest_route=%2Fwp%2Fv2%2Ftags&post=37656"}],"curies":[{"name":"wp","href":"https:\/\/api.w.org\/{rel}","templated":true}]}}