{"id":37654,"date":"2025-09-10T08:38:36","date_gmt":"2025-09-10T11:38:36","guid":{"rendered":"http:\/\/primiciasclorinda.com\/?p=37654"},"modified":"2025-09-10T08:48:23","modified_gmt":"2025-09-10T11:48:23","slug":"el-indec-dara-a-conocer-hoy-el-dato-de-inflacion-de-agosto-que-anticipan-las-consultoras","status":"publish","type":"post","link":"https:\/\/primiciasclorinda.com\/?p=37654","title":{"rendered":"El Indec dar\u00e1 a conocer hoy el dato de inflaci\u00f3n de agosto: qu\u00e9 anticipan las consultoras"},"content":{"rendered":"<p style=\"text-align: justify;\">Los relevamientos privados y los datos de la Ciudad de Buenos Aires prev\u00e9n una leve desaceleraci\u00f3n respecto del 1,9% de julio, en medio de la volatilidad cambiaria y las proyecciones crecientes hacia fin de a\u00f1o<br \/>\nEl Instituto Nacional de Estad\u00edstica y Censos (Indec) difundir\u00e1 esta tarde el Indice de Precios al Consumidor (IPC) correspondiente a agosto. El mercado espera una leve desaceleraci\u00f3n de la inflaci\u00f3n minorista respecto del registro de julio, en un contexto marcado por la volatilidad cambiaria, la cercan\u00eda de las elecciones y el impacto de los precios regulados.<\/p>\n<p style=\"text-align: justify;\">Las proyecciones de las consultoras privadas y los datos preliminares difundidos en los \u00faltimos d\u00edas ofrecen pistas sobre cu\u00e1l podr\u00eda ser el n\u00famero final que dar\u00e1 a conocer el organismo.<br \/>\nDe acuerdo con estimaciones de C&amp;T Asesores Econ\u00f3micos, la inflaci\u00f3n de agosto se habr\u00eda ubicado en torno al 1,6%. Seg\u00fan la consultora, el rubro de mayor incidencia fue vivienda, que explic\u00f3 m\u00e1s de la mitad del alza mensual. Aun as\u00ed, se destac\u00f3 que la suba result\u00f3 m\u00e1s baja que la del mes anterior.<\/p>\n<p style=\"text-align: justify;\">En la misma l\u00ednea, Libertad y Progreso estim\u00f3 un avance del 1,7% en el nivel general de precios. En su informe se\u00f1al\u00f3 que la baja obedeci\u00f3 principalmente a la estabilidad de algunos bienes de consumo masivo y al retroceso de ciertos alimentos frescos, pese a la presi\u00f3n del d\u00f3lar y los ajustes en tarifas.<br \/>\nPor su parte, Analytica calcul\u00f3 que la inflaci\u00f3n de agosto se habr\u00eda desacelerado a 1,8%. La firma indic\u00f3 que el \u00edndice estuvo impulsado por aumentos en educaci\u00f3n y en combustibles, pero moderado por el comportamiento de los alimentos.<\/p>\n<p style=\"text-align: justify;\">Los n\u00fameros de la Ciudad de Buenos Aires<br \/>\nOtro anticipo relevante provino del Instituto de Estad\u00edstica de la Ciudad de Buenos Aires, que mide el costo de vida en esa jurisdicci\u00f3n. De acuerdo con ese informe, el \u00cdndice de Precios al Consumidor porte\u00f1o subi\u00f3 1,6% en agosto y acumul\u00f3 un incremento interanual del 37,4%.<\/p>\n<p style=\"text-align: justify;\">En t\u00e9rminos acumulados, entre enero y agosto la inflaci\u00f3n en la Ciudad alcanz\u00f3 el 20%. Entre los rubros que m\u00e1s aumentaron se destacaron salud, con un alza del 3,8%, y educaci\u00f3n, que subi\u00f3 2.1%. El transporte registr\u00f3 una variaci\u00f3n mensual de 3%. En contraste, los alimentos y bebidas no alcoh\u00f3licas tuvieron una suba de apenas 1%, lo que contribuy\u00f3 a moderar el \u00edndice general.<br \/>\nSi bien los n\u00fameros de la Ciudad no son extrapolables al total del pa\u00eds, suelen funcionar como un anticipo de la tendencia que luego refleja el Indec.<\/p>\n<p style=\"text-align: justify;\">Qu\u00e9 dijeron los analistas del REM<\/p>\n<p style=\"text-align: justify;\">Las proyecciones de inflaci\u00f3n no se limitan a agosto. El Relevamiento de Expectativas de Mercado (REM), que elabora el Banco Central en base a la opini\u00f3n de consultoras y analistas, prev\u00e9 que la suba de precios se desacelerar\u00e1 en los pr\u00f3ximos meses.<\/p>\n<p style=\"text-align: justify;\">En particular, para agosto los especialistas estiman un incremento de 2,1%. Para septiembre anticipan una suba de los precios del 1,8% y para octubre anticipan un 1,7%. Para el total de los doce meses del 2025, la inflaci\u00f3n cerrar\u00eda en 28,2%, de acuerdo a los expertos consultados por el BCRA.<br \/>\nLos analistas advierten que la din\u00e1mica depender\u00e1 de la evoluci\u00f3n del d\u00f3lar, de los precios regulados y de las decisiones de pol\u00edtica econ\u00f3mica que tome el Gobierno en la recta final del proceso electoral. La reciente volatilidad cambiaria y la posibilidad de ajustes en combustibles y tarifas podr\u00edan ejercer presi\u00f3n sobre el \u00edndice en el corto plazo.<\/p>\n<p style=\"text-align: justify;\">El mercado tambi\u00e9n observa la relaci\u00f3n entre la inflaci\u00f3n y el tipo de cambio oficial. Seg\u00fan el REM, el d\u00f3lar mayorista se ubicar\u00eda en torno a los $1.441 hacia fines de diciembre.<br \/>\nSe debe tener en cuenta que las proyecciones de los analistas fueron realizadas antes de las elecciones de la provincia de Buenos Aires y previo a la reacci\u00f3n del mercado, que lleg\u00f3 el d\u00f3lar oficial por encima de los $1.400 durante este mes de septiembre<\/p>\n","protected":false},"excerpt":{"rendered":"<div class=\"mh-excerpt\"><p>Los relevamientos privados y los datos de la Ciudad de Buenos Aires prev\u00e9n una leve desaceleraci\u00f3n respecto del 1,9% de julio, en medio de la <a class=\"mh-excerpt-more\" href=\"https:\/\/primiciasclorinda.com\/?p=37654\" title=\"El Indec dar\u00e1 a conocer hoy el dato de inflaci\u00f3n de agosto: qu\u00e9 anticipan las consultoras\">[&#8230;]<\/a><\/p>\n<\/div>","protected":false},"author":3,"featured_media":37645,"comment_status":"open","ping_status":"open","sticky":false,"template":"","format":"standard","meta":{"footnotes":""},"categories":[3],"tags":[5089],"class_list":["post-37654","post","type-post","status-publish","format-standard","has-post-thumbnail","hentry","category-politica-economia","tag-inflavion-de-agosto"],"_links":{"self":[{"href":"https:\/\/primiciasclorinda.com\/index.php?rest_route=\/wp\/v2\/posts\/37654","targetHints":{"allow":["GET"]}}],"collection":[{"href":"https:\/\/primiciasclorinda.com\/index.php?rest_route=\/wp\/v2\/posts"}],"about":[{"href":"https:\/\/primiciasclorinda.com\/index.php?rest_route=\/wp\/v2\/types\/post"}],"author":[{"embeddable":true,"href":"https:\/\/primiciasclorinda.com\/index.php?rest_route=\/wp\/v2\/users\/3"}],"replies":[{"embeddable":true,"href":"https:\/\/primiciasclorinda.com\/index.php?rest_route=%2Fwp%2Fv2%2Fcomments&post=37654"}],"version-history":[{"count":1,"href":"https:\/\/primiciasclorinda.com\/index.php?rest_route=\/wp\/v2\/posts\/37654\/revisions"}],"predecessor-version":[{"id":37655,"href":"https:\/\/primiciasclorinda.com\/index.php?rest_route=\/wp\/v2\/posts\/37654\/revisions\/37655"}],"wp:featuredmedia":[{"embeddable":true,"href":"https:\/\/primiciasclorinda.com\/index.php?rest_route=\/wp\/v2\/media\/37645"}],"wp:attachment":[{"href":"https:\/\/primiciasclorinda.com\/index.php?rest_route=%2Fwp%2Fv2%2Fmedia&parent=37654"}],"wp:term":[{"taxonomy":"category","embeddable":true,"href":"https:\/\/primiciasclorinda.com\/index.php?rest_route=%2Fwp%2Fv2%2Fcategories&post=37654"},{"taxonomy":"post_tag","embeddable":true,"href":"https:\/\/primiciasclorinda.com\/index.php?rest_route=%2Fwp%2Fv2%2Ftags&post=37654"}],"curies":[{"name":"wp","href":"https:\/\/api.w.org\/{rel}","templated":true}]}}