{"id":37596,"date":"2025-09-07T09:02:32","date_gmt":"2025-09-07T12:02:32","guid":{"rendered":"http:\/\/primiciasclorinda.com\/?p=37596"},"modified":"2025-09-07T09:02:32","modified_gmt":"2025-09-07T12:02:32","slug":"convencionales-y-representantes-de-los-tres-poderes-del-estado-juraran-la-nueva-constitucion-provincial-el-proximo-miercoles-10","status":"publish","type":"post","link":"https:\/\/primiciasclorinda.com\/?p=37596","title":{"rendered":"Convencionales y representantes de los tres Poderes del Estado jurar\u00e1n la nueva Constituci\u00f3n Provincial el pr\u00f3ximo mi\u00e9rcoles 10"},"content":{"rendered":"<p style=\"text-align: justify;\">Ser\u00e1 a partir de las 18 horas en la Legislatura Provincial y toda la ciudadan\u00eda formose\u00f1a est\u00e1 invitada a ser parte de este momento hist\u00f3rico.<\/p>\n<p style=\"text-align: justify;\">La \u00faltima sesi\u00f3n plenaria del proceso de reforma constitucional se llev\u00f3 a cabo este viernes 5, tras poco m\u00e1s de un mes de trabajo. Graciela de la Rosa, presidenta de la Convenci\u00f3n Constituyente que se encarg\u00f3 de llevar adelante el proceso de incorporaci\u00f3n, modificaci\u00f3n y reemplazo de diversos art\u00edculos, celebr\u00f3 la aprobaci\u00f3n un\u00e1nime de la nueva Carta Magna de Formosa.<\/p>\n<p style=\"text-align: justify;\">Al dialogar con esta Agencia de Noticias Formosa (AGENFOR), expres\u00f3 que \u201ctener una nueva Constituci\u00f3n de la provincia de Formosa y ser la primera mujer presidenta de una Convenci\u00f3n, es una felicidad y un orgullo\u201d.<\/p>\n<p style=\"text-align: justify;\">Asimismo, destac\u00f3 que el nuevo documento \u201cest\u00e1 compuesto por cada una de las promesas que hicimos en campa\u00f1a\u201d, es decir, detall\u00f3 \u201cincorporamos nuevos derechos, garantizamos otros que ya exist\u00edan, como los que tienen que ver con los pueblos abor\u00edgenes\u201d.<br \/>\nA\u00f1adi\u00f3 que estar\u00e1n presentes tambi\u00e9n \u201clos derechos de la mujer, que son varios; derechos ambientales, que son importantes y otras garant\u00edas fundamentales\u201d.<\/p>\n<p style=\"text-align: justify;\">De esta manera, puntualiz\u00f3 que \u201cluego de la publicaci\u00f3n en Bolet\u00edn Oficial, se realizar\u00e1 la jura, que ser\u00e1 el mi\u00e9rcoles 10 de septiembre, a las 18 horas\u201d. Y precis\u00f3 que \u201cvamos a jurar por la nueva Constituci\u00f3n Provincial, todos los convencionales constituyentes y los representantes de los tres Poderes del Estado, gobernador, vicegobernador y presidente del Superior Tribunal de Justicia\u201d.<\/p>\n<p style=\"text-align: justify;\">Al concluir, valor\u00f3 que \u201cfue una Constituci\u00f3n aprobada en general por unanimidad, m\u00e1s all\u00e1 de las discusiones que hubo durante las diferentes comisiones\u201d; y eso \u201cnos da felicidad, porque hemos podido encontrar acuerdos entre el Justicialismo, el Radicalismo y Nuevo Pa\u00eds\u201d.<\/p>\n","protected":false},"excerpt":{"rendered":"<div class=\"mh-excerpt\"><p>Ser\u00e1 a partir de las 18 horas en la Legislatura Provincial y toda la ciudadan\u00eda formose\u00f1a est\u00e1 invitada a ser parte de este momento hist\u00f3rico. <a class=\"mh-excerpt-more\" href=\"https:\/\/primiciasclorinda.com\/?p=37596\" title=\"Convencionales y representantes de los tres Poderes del Estado jurar\u00e1n la nueva Constituci\u00f3n Provincial el pr\u00f3ximo mi\u00e9rcoles 10\">[&#8230;]<\/a><\/p>\n<\/div>","protected":false},"author":3,"featured_media":37589,"comment_status":"open","ping_status":"open","sticky":false,"template":"","format":"standard","meta":{"footnotes":""},"categories":[3],"tags":[23,5073],"class_list":["post-37596","post","type-post","status-publish","format-standard","has-post-thumbnail","hentry","category-politica-economia","tag-formosa","tag-jura-nueva-constitucion"],"_links":{"self":[{"href":"https:\/\/primiciasclorinda.com\/index.php?rest_route=\/wp\/v2\/posts\/37596","targetHints":{"allow":["GET"]}}],"collection":[{"href":"https:\/\/primiciasclorinda.com\/index.php?rest_route=\/wp\/v2\/posts"}],"about":[{"href":"https:\/\/primiciasclorinda.com\/index.php?rest_route=\/wp\/v2\/types\/post"}],"author":[{"embeddable":true,"href":"https:\/\/primiciasclorinda.com\/index.php?rest_route=\/wp\/v2\/users\/3"}],"replies":[{"embeddable":true,"href":"https:\/\/primiciasclorinda.com\/index.php?rest_route=%2Fwp%2Fv2%2Fcomments&post=37596"}],"version-history":[{"count":1,"href":"https:\/\/primiciasclorinda.com\/index.php?rest_route=\/wp\/v2\/posts\/37596\/revisions"}],"predecessor-version":[{"id":37597,"href":"https:\/\/primiciasclorinda.com\/index.php?rest_route=\/wp\/v2\/posts\/37596\/revisions\/37597"}],"wp:featuredmedia":[{"embeddable":true,"href":"https:\/\/primiciasclorinda.com\/index.php?rest_route=\/wp\/v2\/media\/37589"}],"wp:attachment":[{"href":"https:\/\/primiciasclorinda.com\/index.php?rest_route=%2Fwp%2Fv2%2Fmedia&parent=37596"}],"wp:term":[{"taxonomy":"category","embeddable":true,"href":"https:\/\/primiciasclorinda.com\/index.php?rest_route=%2Fwp%2Fv2%2Fcategories&post=37596"},{"taxonomy":"post_tag","embeddable":true,"href":"https:\/\/primiciasclorinda.com\/index.php?rest_route=%2Fwp%2Fv2%2Ftags&post=37596"}],"curies":[{"name":"wp","href":"https:\/\/api.w.org\/{rel}","templated":true}]}}