{"id":37351,"date":"2025-08-26T08:27:01","date_gmt":"2025-08-26T11:27:01","guid":{"rendered":"http:\/\/primiciasclorinda.com\/?p=37351"},"modified":"2025-08-26T08:27:01","modified_gmt":"2025-08-26T11:27:01","slug":"el-gobernador-recibio-al-equipo-que-representara-a-formosa-en-la-copa-pais","status":"publish","type":"post","link":"https:\/\/primiciasclorinda.com\/?p=37351","title":{"rendered":"El Gobernador recibi\u00f3 al equipo que representar\u00e1 a Formosa en la Copa Pa\u00eds"},"content":{"rendered":"<h4 style=\"text-align: justify;\">El Gobernador recibi\u00f3 al equipo que representar\u00e1 a Formosa en la Copa Pa\u00eds<\/h4>\n<h4><img loading=\"lazy\" decoding=\"async\" class=\"size-large wp-image-37352 alignleft\" src=\"http:\/\/primiciasclorinda.com\/wp-content\/uploads\/2025\/08\/Gildo-con-jugadores-1-1024x683-450x300.jpg\" alt=\"\" width=\"450\" height=\"300\" srcset=\"https:\/\/primiciasclorinda.com\/wp-content\/uploads\/2025\/08\/Gildo-con-jugadores-1-1024x683-450x300.jpg 450w, https:\/\/primiciasclorinda.com\/wp-content\/uploads\/2025\/08\/Gildo-con-jugadores-1-1024x683-300x200.jpg 300w, https:\/\/primiciasclorinda.com\/wp-content\/uploads\/2025\/08\/Gildo-con-jugadores-1-1024x683-768x512.jpg 768w, https:\/\/primiciasclorinda.com\/wp-content\/uploads\/2025\/08\/Gildo-con-jugadores-1-1024x683.jpg 1024w\" sizes=\"auto, (max-width: 450px) 100vw, 450px\" \/><\/h4>\n<h4 style=\"text-align: justify;\">Este lunes 25, por la ma\u00f1ana, el gobernador de Formosa, Gildo Insfr\u00e1n, recibi\u00f3 a la comitiva de j\u00f3venes que representar\u00e1n a la provincia en la Copa Pa\u00eds.<\/h4>\n<h4 style=\"text-align: justify;\">En el encuentro, adem\u00e1s, estuvieron presentes el secretario de Deportes y Recreaci\u00f3n Comunitaria, Mario Romay, y el presidente de la Liga Formose\u00f1a de F\u00fatbol, Jorge Jofr\u00e9.<\/h4>\n<h4 style=\"text-align: justify;\">\u201cEste es un evento donde puede darse a conocer el gran talento del interior del pa\u00eds y una oportunidad para que los futbolistas tengan su espacio en el f\u00fatbol nacional\u201d, expres\u00f3 el mandatario.<br \/>\nAsimismo, les dese\u00f3 todos los \u00e9xitos en los pr\u00f3ximos partidos a disputar.<\/h4>\n","protected":false},"excerpt":{"rendered":"<div class=\"mh-excerpt\"><p>El Gobernador recibi\u00f3 al equipo que representar\u00e1 a Formosa en la Copa Pa\u00eds Este lunes 25, por la ma\u00f1ana, el gobernador de Formosa, Gildo Insfr\u00e1n, <a class=\"mh-excerpt-more\" href=\"https:\/\/primiciasclorinda.com\/?p=37351\" title=\"El Gobernador recibi\u00f3 al equipo que representar\u00e1 a Formosa en la Copa Pa\u00eds\">[&#8230;]<\/a><\/p>\n<\/div>","protected":false},"author":3,"featured_media":37353,"comment_status":"open","ping_status":"open","sticky":false,"template":"","format":"standard","meta":{"footnotes":""},"categories":[5,3],"tags":[4748,5014,23,4394],"class_list":["post-37351","post","type-post","status-publish","format-standard","has-post-thumbnail","hentry","category-deportes","category-politica-economia","tag-copa-pais","tag-equipo-de-futbol","tag-formosa","tag-gobernador-insfran"],"_links":{"self":[{"href":"https:\/\/primiciasclorinda.com\/index.php?rest_route=\/wp\/v2\/posts\/37351","targetHints":{"allow":["GET"]}}],"collection":[{"href":"https:\/\/primiciasclorinda.com\/index.php?rest_route=\/wp\/v2\/posts"}],"about":[{"href":"https:\/\/primiciasclorinda.com\/index.php?rest_route=\/wp\/v2\/types\/post"}],"author":[{"embeddable":true,"href":"https:\/\/primiciasclorinda.com\/index.php?rest_route=\/wp\/v2\/users\/3"}],"replies":[{"embeddable":true,"href":"https:\/\/primiciasclorinda.com\/index.php?rest_route=%2Fwp%2Fv2%2Fcomments&post=37351"}],"version-history":[{"count":1,"href":"https:\/\/primiciasclorinda.com\/index.php?rest_route=\/wp\/v2\/posts\/37351\/revisions"}],"predecessor-version":[{"id":37354,"href":"https:\/\/primiciasclorinda.com\/index.php?rest_route=\/wp\/v2\/posts\/37351\/revisions\/37354"}],"wp:featuredmedia":[{"embeddable":true,"href":"https:\/\/primiciasclorinda.com\/index.php?rest_route=\/wp\/v2\/media\/37353"}],"wp:attachment":[{"href":"https:\/\/primiciasclorinda.com\/index.php?rest_route=%2Fwp%2Fv2%2Fmedia&parent=37351"}],"wp:term":[{"taxonomy":"category","embeddable":true,"href":"https:\/\/primiciasclorinda.com\/index.php?rest_route=%2Fwp%2Fv2%2Fcategories&post=37351"},{"taxonomy":"post_tag","embeddable":true,"href":"https:\/\/primiciasclorinda.com\/index.php?rest_route=%2Fwp%2Fv2%2Ftags&post=37351"}],"curies":[{"name":"wp","href":"https:\/\/api.w.org\/{rel}","templated":true}]}}