{"id":36999,"date":"2025-07-16T08:50:18","date_gmt":"2025-07-16T11:50:18","guid":{"rendered":"http:\/\/primiciasclorinda.com\/?p=36999"},"modified":"2025-07-16T08:50:18","modified_gmt":"2025-07-16T11:50:18","slug":"clorinda-el-gobierno-provincial-reparara-el-puente-cai-en-clorinda","status":"publish","type":"post","link":"https:\/\/primiciasclorinda.com\/?p=36999","title":{"rendered":"Clorinda, El Gobierno provincial reparar\u00e1 el puente Ca\u00ed en Clorinda"},"content":{"rendered":"<p style=\"text-align: justify;\"><em>Tras detectarse una erosi\u00f3n, que provoc\u00f3 la clausura provisoria del paso, se iniciaron los trabajos para dar respuesta a este inconveniente.<\/em><\/p>\n<p style=\"text-align: justify;\">El intendente de Clorinda, Ariel Caniza, confirm\u00f3 que el Gobierno provincial se ocupar\u00e1 del arreglo del puente Ca\u00ed, tras detectarse un socavamiento en la estructura, producto de la ruptura de un ca\u00f1o maestro que pasa donde se inicia este puente.<\/p>\n<p><img loading=\"lazy\" decoding=\"async\" class=\"wp-image-37001 aligncenter\" src=\"http:\/\/primiciasclorinda.com\/wp-content\/uploads\/2025\/07\/a4a49c93-4575-4b91-99ab-6a997f3264cd-1024x576-533x300.jpeg\" alt=\"\" width=\"666\" height=\"375\" srcset=\"https:\/\/primiciasclorinda.com\/wp-content\/uploads\/2025\/07\/a4a49c93-4575-4b91-99ab-6a997f3264cd-1024x576-533x300.jpeg 533w, https:\/\/primiciasclorinda.com\/wp-content\/uploads\/2025\/07\/a4a49c93-4575-4b91-99ab-6a997f3264cd-1024x576-300x169.jpeg 300w, https:\/\/primiciasclorinda.com\/wp-content\/uploads\/2025\/07\/a4a49c93-4575-4b91-99ab-6a997f3264cd-1024x576-768x432.jpeg 768w, https:\/\/primiciasclorinda.com\/wp-content\/uploads\/2025\/07\/a4a49c93-4575-4b91-99ab-6a997f3264cd-1024x576-678x381.jpeg 678w, https:\/\/primiciasclorinda.com\/wp-content\/uploads\/2025\/07\/a4a49c93-4575-4b91-99ab-6a997f3264cd-1024x576.jpeg 1024w\" sizes=\"auto, (max-width: 666px) 100vw, 666px\" \/><\/p>\n<p style=\"text-align: justify;\">\u201cEse socavamiento lo que hizo fue que se hunda un poquitito una parte, en donde r\u00e1pidamente con intervenci\u00f3n del Gobierno de la provincia y tomando conocimiento del gobernador (Gildo Insfr\u00e1n) de la situaci\u00f3n, ya envi\u00f3 a los ingenieros para poder hacer un an\u00e1lisis\u201d, explic\u00f3 el jefe comunal en contacto con la\u00a0<em style=\"font-weight: inherit;\"><strong>Agencia de Noticias Formosa (AGENFOR).<\/strong><\/em><\/p>\n<p style=\"text-align: justify;\">Al puntualizar sobre la situaci\u00f3n, se\u00f1al\u00f3 que el pasado viernes se detect\u00f3 un peque\u00f1o hundimiento en donde se asienta el puente, lo que demand\u00f3 la presencia de t\u00e9cnicos del Servicio Provincial de Agua Potable (SPAP) y de la Direcci\u00f3n Provincial de Vialidad (DPV) para iniciar la recuperaci\u00f3n del puente.<\/p>\n<p style=\"text-align: justify;\">Confirm\u00f3, asimismo, Caniza que el trabajo demorar\u00e1 unos 20 d\u00edas, tiempo hasta cuando, continuar\u00e1 interrumpido al tr\u00e1nsito vehicular.<\/p>\n<p style=\"text-align: justify;\">\u201cEs un puente en donde transitan muchos veh\u00edculos, y tuvimos un peque\u00f1o hundimiento en la base de donde inicia el puente, o sea que no es una falla de estructura del puente, sino que algo externo que pierda la base donde asiente\u201d, aclar\u00f3.<\/p>\n<p style=\"text-align: justify;\">Por su parte, el titular de la DPV, el ingeniero Javier Caffa, presente en la ciudad de Clorinda, explic\u00f3 que tras conocerse la noticia de la erosi\u00f3n en la cabecera del puente, un equipo t\u00e9cnico evalu\u00f3 la situaci\u00f3n y el estado estructural.<\/p>\n<p style=\"text-align: justify;\">\u201cSe trat\u00f3 de una p\u00e9rdida en un acueducto que provee de agua a los barrios Porte\u00f1o Sur y Porte\u00f1o Norte. Es un acueducto con agua a presi\u00f3n, eso provoc\u00f3 una erosi\u00f3n del suelo por debajo de la losa de aproximaci\u00f3n al puente\u201d, se\u00f1al\u00f3 a\u00a0<strong style=\"font-style: inherit;\">AGENFOR.<\/strong><\/p>\n<p style=\"text-align: justify;\">Agreg\u00f3 que \u201cprovoc\u00f3 una falta de sustentaci\u00f3n\u201d, pero aclar\u00f3 que se trata de una \u201closa que tiene doble armadura, no hay peligro de rotura, admite totalmente el esfuerzo\u201d, por lo que \u201cse proceder\u00e1 a una remoci\u00f3n, veremos si es necesario sacar toda la loza, para restituir el material que fue erosionado por la p\u00e9rdida de agua, y posteriormente se volver\u00e1 a hormigonar\u201d.<\/p>\n<p style=\"text-align: justify;\">Una vez m\u00e1s, el ingeniero Caffa fundament\u00f3 que \u201cno se trata de una falla estructural, el puente no tiene este problema, solamente se trata de una erosi\u00f3n por la p\u00e9rdida de este acueducto\u201d.<\/p>\n<p style=\"text-align: justify;\">Precis\u00f3 que cumpliendo con instrucciones del gobernador Insfr\u00e1n, el trabajo apunta a reanudar lo m\u00e1s pronto posible las condiciones de transitabilidad de esta importante estructura.<\/p>\n","protected":false},"excerpt":{"rendered":"<div class=\"mh-excerpt\"><p>Tras detectarse una erosi\u00f3n, que provoc\u00f3 la clausura provisoria del paso, se iniciaron los trabajos para dar respuesta a este inconveniente. El intendente de Clorinda, <a class=\"mh-excerpt-more\" href=\"https:\/\/primiciasclorinda.com\/?p=36999\" title=\"Clorinda, El Gobierno provincial reparar\u00e1 el puente Ca\u00ed en Clorinda\">[&#8230;]<\/a><\/p>\n<\/div>","protected":false},"author":3,"featured_media":37000,"comment_status":"open","ping_status":"open","sticky":false,"template":"","format":"standard","meta":{"footnotes":""},"categories":[4],"tags":[26,97,4947],"class_list":["post-36999","post","type-post","status-publish","format-standard","has-post-thumbnail","hentry","category-informacion-general","tag-clorinda","tag-puente-cai","tag-reparacion"],"_links":{"self":[{"href":"https:\/\/primiciasclorinda.com\/index.php?rest_route=\/wp\/v2\/posts\/36999","targetHints":{"allow":["GET"]}}],"collection":[{"href":"https:\/\/primiciasclorinda.com\/index.php?rest_route=\/wp\/v2\/posts"}],"about":[{"href":"https:\/\/primiciasclorinda.com\/index.php?rest_route=\/wp\/v2\/types\/post"}],"author":[{"embeddable":true,"href":"https:\/\/primiciasclorinda.com\/index.php?rest_route=\/wp\/v2\/users\/3"}],"replies":[{"embeddable":true,"href":"https:\/\/primiciasclorinda.com\/index.php?rest_route=%2Fwp%2Fv2%2Fcomments&post=36999"}],"version-history":[{"count":1,"href":"https:\/\/primiciasclorinda.com\/index.php?rest_route=\/wp\/v2\/posts\/36999\/revisions"}],"predecessor-version":[{"id":37002,"href":"https:\/\/primiciasclorinda.com\/index.php?rest_route=\/wp\/v2\/posts\/36999\/revisions\/37002"}],"wp:featuredmedia":[{"embeddable":true,"href":"https:\/\/primiciasclorinda.com\/index.php?rest_route=\/wp\/v2\/media\/37000"}],"wp:attachment":[{"href":"https:\/\/primiciasclorinda.com\/index.php?rest_route=%2Fwp%2Fv2%2Fmedia&parent=36999"}],"wp:term":[{"taxonomy":"category","embeddable":true,"href":"https:\/\/primiciasclorinda.com\/index.php?rest_route=%2Fwp%2Fv2%2Fcategories&post=36999"},{"taxonomy":"post_tag","embeddable":true,"href":"https:\/\/primiciasclorinda.com\/index.php?rest_route=%2Fwp%2Fv2%2Ftags&post=36999"}],"curies":[{"name":"wp","href":"https:\/\/api.w.org\/{rel}","templated":true}]}}