{"id":36946,"date":"2025-07-12T09:59:59","date_gmt":"2025-07-12T12:59:59","guid":{"rendered":"http:\/\/primiciasclorinda.com\/?p=36946"},"modified":"2025-07-12T09:59:59","modified_gmt":"2025-07-12T12:59:59","slug":"clorinda-en-el-hospital-cruz-felipe-arnedo-se-firmo-el-compromiso-de-gestion-del-programa-sumar","status":"publish","type":"post","link":"https:\/\/primiciasclorinda.com\/?p=36946","title":{"rendered":"Clorinda. en el Hospital Cruz Felipe Arnedo se firm\u00f3 el Compromiso de Gesti\u00f3n del programa \u00abSUMAR\u00bb."},"content":{"rendered":"<p style=\"text-align: justify;\">FIRMA DE COMPROMISO DE GESTI\u00d3N \u2013 SUMAR<\/p>\n<p style=\"text-align: justify;\">D\u00edas atr\u00e1s, en el Hospital Distrital Cruz Felipe Arnedo, de nuestra ciudad, se realiz\u00f3 la firma del Compromiso de Gesti\u00f3n del Programa SUMAR.<\/p>\n<p style=\"text-align: justify;\">Este acuerdo es muy importante porque nos ayuda a planificar y mejorar la atenci\u00f3n en salud para todos, explicaban las autoridades que participaron de la firma ancabezado por la Directora del hospital, Dra. Bernardita Obz, los Dres. Daniel Gonz\u00e1lez, Nelson Gutierrez y representantes del Programa SUMAR y del nivel distrital.<\/p>\n<p style=\"text-align: justify;\">Con este compromiso, seguimos trabajando en conjunto para que cada vez m\u00e1s personas puedan acceder a una atenci\u00f3n m\u00e9dica de calidad y gratuita, agregaban.<\/p>\n<p style=\"text-align: justify;\">El Programa SUMAR es una iniciativa del Ministerio de Salud de Argentina que busca garantizar el acceso equitativo a servicios de salud para la poblaci\u00f3n sin cobertura formal, extendiendo y profundizando el Plan Nacer. Funciona transfiriendo recursos a centros de salud y hospitales en funci\u00f3n de la cantidad y calidad de las prestaciones brindadas a la poblaci\u00f3n inscrita.<\/p>\n<p style=\"text-align: justify;\">El hospital sigue creciendo para cuidar mejor a nuestra comunidad.<\/p>\n","protected":false},"excerpt":{"rendered":"<div class=\"mh-excerpt\"><p>FIRMA DE COMPROMISO DE GESTI\u00d3N \u2013 SUMAR D\u00edas atr\u00e1s, en el Hospital Distrital Cruz Felipe Arnedo, de nuestra ciudad, se realiz\u00f3 la firma del Compromiso <a class=\"mh-excerpt-more\" href=\"https:\/\/primiciasclorinda.com\/?p=36946\" title=\"Clorinda. en el Hospital Cruz Felipe Arnedo se firm\u00f3 el Compromiso de Gesti\u00f3n del programa \u00abSUMAR\u00bb.\">[&#8230;]<\/a><\/p>\n<\/div>","protected":false},"author":3,"featured_media":36947,"comment_status":"open","ping_status":"open","sticky":false,"template":"","format":"standard","meta":{"footnotes":""},"categories":[4854],"tags":[4931,3613,4932],"class_list":["post-36946","post","type-post","status-publish","format-standard","has-post-thumbnail","hentry","category-salud","tag-firma-compromiso","tag-hospital-de-clorinda","tag-progama-sumar"],"_links":{"self":[{"href":"https:\/\/primiciasclorinda.com\/index.php?rest_route=\/wp\/v2\/posts\/36946","targetHints":{"allow":["GET"]}}],"collection":[{"href":"https:\/\/primiciasclorinda.com\/index.php?rest_route=\/wp\/v2\/posts"}],"about":[{"href":"https:\/\/primiciasclorinda.com\/index.php?rest_route=\/wp\/v2\/types\/post"}],"author":[{"embeddable":true,"href":"https:\/\/primiciasclorinda.com\/index.php?rest_route=\/wp\/v2\/users\/3"}],"replies":[{"embeddable":true,"href":"https:\/\/primiciasclorinda.com\/index.php?rest_route=%2Fwp%2Fv2%2Fcomments&post=36946"}],"version-history":[{"count":1,"href":"https:\/\/primiciasclorinda.com\/index.php?rest_route=\/wp\/v2\/posts\/36946\/revisions"}],"predecessor-version":[{"id":36948,"href":"https:\/\/primiciasclorinda.com\/index.php?rest_route=\/wp\/v2\/posts\/36946\/revisions\/36948"}],"wp:featuredmedia":[{"embeddable":true,"href":"https:\/\/primiciasclorinda.com\/index.php?rest_route=\/wp\/v2\/media\/36947"}],"wp:attachment":[{"href":"https:\/\/primiciasclorinda.com\/index.php?rest_route=%2Fwp%2Fv2%2Fmedia&parent=36946"}],"wp:term":[{"taxonomy":"category","embeddable":true,"href":"https:\/\/primiciasclorinda.com\/index.php?rest_route=%2Fwp%2Fv2%2Fcategories&post=36946"},{"taxonomy":"post_tag","embeddable":true,"href":"https:\/\/primiciasclorinda.com\/index.php?rest_route=%2Fwp%2Fv2%2Ftags&post=36946"}],"curies":[{"name":"wp","href":"https:\/\/api.w.org\/{rel}","templated":true}]}}