{"id":36830,"date":"2025-07-07T08:42:49","date_gmt":"2025-07-07T11:42:49","guid":{"rendered":"http:\/\/primiciasclorinda.com\/?p=36830"},"modified":"2025-07-07T08:42:49","modified_gmt":"2025-07-07T11:42:49","slug":"la-inflacion-de-junio-habria-repuntado-levemente-y-se-ubicaria-entre-17-y-2","status":"publish","type":"post","link":"https:\/\/primiciasclorinda.com\/?p=36830","title":{"rendered":"La inflaci\u00f3n de junio habr\u00eda repuntado levemente y se ubicar\u00eda entre 1,7% y 2%"},"content":{"rendered":"<p style=\"text-align: justify;\">En mayo hab\u00eda sido 1,5%; la suba se explicar\u00eda por el incremento de los precios regulados \u2014como tarifas y combustibles\u2014 y por la estabilidad en los valores de los productos estacionales, como frutas y verduras<\/p>\n<p style=\"text-align: justify;\">En junio, la inflaci\u00f3n mensual habr\u00eda registrado un leve repunte respecto de mayo, cuando hab\u00eda cerrado en 1,5%, el valor m\u00e1s bajo desde 2017. La suba se explicar\u00eda por el incremento de los precios regulados \u2014como tarifas y combustibles\u2014 y por la estabilidad en los valores de los productos estacionales, como frutas y verduras. Seg\u00fan las estimaciones preliminares, el \u00edndice de precios habr\u00eda oscilado entre 1,7% y 2%.<\/p>\n<p style=\"text-align: justify;\">El dato oficial ser\u00e1 publicado por el Indec el lunes 14 de julio, pero las consultoras privadas ya anticipan un alza en relaci\u00f3n con el mes anterior. En mayo, el \u00cdndice de Precios al Consumidor (IPC) sorprendi\u00f3 con una baja que respondi\u00f3, principalmente, a dos factores puntuales.<\/p>\n<p style=\"text-align: justify;\">Por un lado, los productos estacionales se abarataron un 2,7%, con una marcada deflaci\u00f3n en frutas y verduras que permiti\u00f3 que el rubro alimentos registrara una suba de apenas 0,5%. En junio, en cambio, esos precios no descendieron ni subieron significativamente: se mantuvieron estables.<\/p>\n<p style=\"text-align: justify;\">\u201cLos datos de alta frecuencia muestran que la moderaci\u00f3n en alimentos y bebidas contin\u00faa: en las \u00faltimas cuatro semanas, ese rubro subi\u00f3 apenas 1,1%. De todos modos, estimamos que el \u00edndice general cerrar\u00e1 en 1,7% en junio, levemente por encima del 1,5% de mayo\u201d, se\u00f1al\u00f3 la consultora Econom\u00e9trica, dirigida por Ramiro Casti\u00f1eira.<br \/>\nOtro factor que hab\u00eda contenido la inflaci\u00f3n en mayo fue el comportamiento de los precios regulados, que aumentaron en promedio 1,3%, por debajo del nivel general. El transporte, por ejemplo, subi\u00f3 solo 0,4%, favorecido por una ca\u00edda cercana al 4% en los precios de los combustibles.<\/p>\n<p style=\"text-align: justify;\">En junio, la tendencia se revirti\u00f3: el precio de la nafta y el gasoil subi\u00f3 m\u00e1s de 5% en la mayor\u00eda de las estaciones de servicio de las marcas Shell, Axion y Puma Energy. En contraste, YPF aplic\u00f3 una suba m\u00e1s moderada, del 1%, a comienzos del mes.<br \/>\n\u201cEn junio hubo un avance de los precios regulados, que el Gobierno liber\u00f3 parcialmente, y los productos estacionales no mostraron el mismo descenso que en mayo. Lo m\u00e1s relevante es que la inflaci\u00f3n n\u00facleo sigue bajando, de forma lenta pero sostenida, desde los niveles m\u00e1s altos registrados a principios de a\u00f1o\u201d, explic\u00f3 Sebasti\u00e1n Menescaldi, director de EcoGo. Su consultora estima que la inflaci\u00f3n de junio se ubicar\u00e1 entre 1,7% y 1,9%.<br \/>\nLa inflaci\u00f3n n\u00facleo \u2014que excluye tanto precios estacionales como regulados\u2014 hab\u00eda sido de 2,2% en mayo, por encima del \u00edndice general.<\/p>\n<p style=\"text-align: justify;\">\u201cEl relevamiento de precios minoristas para la regi\u00f3n Gran Buenos Aires present\u00f3 un alza de 2% mensual en junio, superando levemente el 1,8% de mayo y el 1,5% que el Indec inform\u00f3 para ese mes, pero volvi\u00f3 a ser de las m\u00e1s bajas desde 2020. As\u00ed, la variaci\u00f3n de 12 meses volvi\u00f3 a reducirse y lleg\u00f3 a 38,7%, la menor desde principios de 2021\u2033, dijo la economista Mar\u00eda Castiglioni Cotter, de la consultora C&amp;T.<\/p>\n<p style=\"text-align: justify;\">\u201cMayo hab\u00eda sido un mes de inflaci\u00f3n particularmente baja por algunos factores que no volvieron a repetirse en junio. Por caso, no estuvo presente una promoci\u00f3n tan fuerte como el Hot Sale, lo que se vio en la mayor\u00eda de los rubros. Tampoco hubo una baja tan fuerte de verduras, que hab\u00eda repercutido en alimentos y bebidas; luego de aumentar apenas 0,3% en mayo, lo hicieron en 1,4% en junio. Los componentes con mayores aumentos fueron panificados, l\u00e1cteos y bebidas\u201d, agregaron en C&amp;T.<\/p>\n<p style=\"text-align: justify;\">La consultora Equilibra tambi\u00e9n proyecta una inflaci\u00f3n cercana al 2%. \u201cLa gran diferencia con mayo es que los precios regulados se aceleraron \u2014subieron 3%\u2014 y los estacionales se mantuvieron estables, mientras que en mayo hab\u00edan registrado una deflaci\u00f3n r\u00e9cord\u201d, apunt\u00f3 Lorenzo Sigaut Gravina<\/p>\n","protected":false},"excerpt":{"rendered":"<div class=\"mh-excerpt\"><p>En mayo hab\u00eda sido 1,5%; la suba se explicar\u00eda por el incremento de los precios regulados \u2014como tarifas y combustibles\u2014 y por la estabilidad en <a class=\"mh-excerpt-more\" href=\"https:\/\/primiciasclorinda.com\/?p=36830\" title=\"La inflaci\u00f3n de junio habr\u00eda repuntado levemente y se ubicar\u00eda entre 1,7% y 2%\">[&#8230;]<\/a><\/p>\n<\/div>","protected":false},"author":3,"featured_media":36831,"comment_status":"open","ping_status":"open","sticky":false,"template":"","format":"standard","meta":{"footnotes":""},"categories":[3],"tags":[173,4905],"class_list":["post-36830","post","type-post","status-publish","format-standard","has-post-thumbnail","hentry","category-politica-economia","tag-argentina","tag-inflacion-de-junio"],"_links":{"self":[{"href":"https:\/\/primiciasclorinda.com\/index.php?rest_route=\/wp\/v2\/posts\/36830","targetHints":{"allow":["GET"]}}],"collection":[{"href":"https:\/\/primiciasclorinda.com\/index.php?rest_route=\/wp\/v2\/posts"}],"about":[{"href":"https:\/\/primiciasclorinda.com\/index.php?rest_route=\/wp\/v2\/types\/post"}],"author":[{"embeddable":true,"href":"https:\/\/primiciasclorinda.com\/index.php?rest_route=\/wp\/v2\/users\/3"}],"replies":[{"embeddable":true,"href":"https:\/\/primiciasclorinda.com\/index.php?rest_route=%2Fwp%2Fv2%2Fcomments&post=36830"}],"version-history":[{"count":1,"href":"https:\/\/primiciasclorinda.com\/index.php?rest_route=\/wp\/v2\/posts\/36830\/revisions"}],"predecessor-version":[{"id":36832,"href":"https:\/\/primiciasclorinda.com\/index.php?rest_route=\/wp\/v2\/posts\/36830\/revisions\/36832"}],"wp:featuredmedia":[{"embeddable":true,"href":"https:\/\/primiciasclorinda.com\/index.php?rest_route=\/wp\/v2\/media\/36831"}],"wp:attachment":[{"href":"https:\/\/primiciasclorinda.com\/index.php?rest_route=%2Fwp%2Fv2%2Fmedia&parent=36830"}],"wp:term":[{"taxonomy":"category","embeddable":true,"href":"https:\/\/primiciasclorinda.com\/index.php?rest_route=%2Fwp%2Fv2%2Fcategories&post=36830"},{"taxonomy":"post_tag","embeddable":true,"href":"https:\/\/primiciasclorinda.com\/index.php?rest_route=%2Fwp%2Fv2%2Ftags&post=36830"}],"curies":[{"name":"wp","href":"https:\/\/api.w.org\/{rel}","templated":true}]}}