{"id":36796,"date":"2025-07-05T10:57:12","date_gmt":"2025-07-05T13:57:12","guid":{"rendered":"http:\/\/primiciasclorinda.com\/?p=36796"},"modified":"2025-07-05T10:57:12","modified_gmt":"2025-07-05T13:57:12","slug":"clorinda-en-el-hcfa-se-realizo-una-reunion-binacional-en-el-marco-de-un-proyecto-epidemiologico","status":"publish","type":"post","link":"https:\/\/primiciasclorinda.com\/?p=36796","title":{"rendered":"Clorinda. en el HCFA se realiz\u00f3 una reuni\u00f3n binacional en el marco de un proyecto epidemiol\u00f3gico"},"content":{"rendered":"<p style=\"text-align: justify;\">Control Vectorial y Vigilancia Epidemiol\u00f3gica en Clorinda.<\/p>\n<p style=\"text-align: justify;\">\nEl d\u00eda 3 de julio del 2025, en el SUM del Hospital Cruz Felipe Arnedo de Clorinda, se llev\u00f3 a cabo una reuni\u00f3n binacional en el marco del proyecto \u00abControl vectorial y vigilancia epidemiol\u00f3gica conjunta de Arbovirus en ciudades fronterizas de Argentina y Paraguay\u00bb.<\/p>\n<p style=\"text-align: justify;\">\nEsta importante actividad reuni\u00f3 a autoridades del Ministerio de Desarrollo Humano de la Provincia de Formosa, entre ellos:<\/p>\n<p style=\"text-align: justify;\">\nDr. Manuel A. C\u00e1ceres \u2013 Subsecretario de Medicina Sanitaria<br \/>\nDra. Claudia E. Rodr\u00edguez \u2013 Directora de Epidemiolog\u00eda y Medicina Tropical<br \/>\nM\u00e9dico Veterinario Alejandro Romero \u2013 Responsable del Departamento de Control de Vectores y Zoonosis<br \/>\nDra. Bernardita Obst \u2013 Directora del Hospital Cruz Felipe Arnedo<\/p>\n<p style=\"text-align: justify;\"><img loading=\"lazy\" decoding=\"async\" class=\"wp-image-36797 aligncenter\" src=\"http:\/\/primiciasclorinda.com\/wp-content\/uploads\/2025\/07\/hcda_-6917228698_n-462x300.jpg\" alt=\"\" width=\"569\" height=\"369\" srcset=\"https:\/\/primiciasclorinda.com\/wp-content\/uploads\/2025\/07\/hcda_-6917228698_n-462x300.jpg 462w, https:\/\/primiciasclorinda.com\/wp-content\/uploads\/2025\/07\/hcda_-6917228698_n-300x195.jpg 300w, https:\/\/primiciasclorinda.com\/wp-content\/uploads\/2025\/07\/hcda_-6917228698_n-768x499.jpg 768w, https:\/\/primiciasclorinda.com\/wp-content\/uploads\/2025\/07\/hcda_-6917228698_n.jpg 1000w\" sizes=\"auto, (max-width: 569px) 100vw, 569px\" \/><\/p>\n<p style=\"text-align: justify;\">\nDr. Nelson Guti\u00e9rrez \u2013 Director del Centro de Salud 1\u00ba de Mayo y Coordinador Local de Vectores<br \/>\nBioq. Noelia Matilde Nunes \u2013 Jefa del Laboratorio del Hospital de Clorinda.<\/p>\n<p style=\"text-align: justify;\">\nAsimismo, participaron representantes de SENEPA y de los servicios de salud de Paraguay (de las ciudades de Nanawa y Falc\u00f3n), con el objetivo de promover estrategias conjuntas de trabajo, fortalecer los mecanismos de comunicaci\u00f3n y la cooperaci\u00f3n regional en el control vectorial y la vigilancia de enfermedades como el dengue, zika y chikungunya.<\/p>\n<p style=\"text-align: justify;\">Esta actividad se desarrolla en el marco de la Pol\u00edtica de Salud 2015\u20132030 sobre el Desarrollo y Fortalecimiento de la Salud P\u00fablica en las Fronteras, destacando el compromiso compartido entre Argentina y Paraguay para cuidar la salud de las comunidades fronterizas.<\/p>\n<p style=\"text-align: justify;\">Seguimos trabajando juntos por una salud p\u00fablica m\u00e1s fuerte, coordinada y efectiva para todos.<\/p>\n","protected":false},"excerpt":{"rendered":"<div class=\"mh-excerpt\"><p>Control Vectorial y Vigilancia Epidemiol\u00f3gica en Clorinda. El d\u00eda 3 de julio del 2025, en el SUM del Hospital Cruz Felipe Arnedo de Clorinda, se <a class=\"mh-excerpt-more\" href=\"https:\/\/primiciasclorinda.com\/?p=36796\" title=\"Clorinda. en el HCFA se realiz\u00f3 una reuni\u00f3n binacional en el marco de un proyecto epidemiol\u00f3gico\">[&#8230;]<\/a><\/p>\n<\/div>","protected":false},"author":3,"featured_media":36798,"comment_status":"open","ping_status":"open","sticky":false,"template":"","format":"standard","meta":{"footnotes":""},"categories":[4],"tags":[1344,4895,4896],"class_list":["post-36796","post","type-post","status-publish","format-standard","has-post-thumbnail","hentry","category-informacion-general","tag-hospital-cruz-felipe-arnedo","tag-reunion-binacional","tag-vectores"],"_links":{"self":[{"href":"https:\/\/primiciasclorinda.com\/index.php?rest_route=\/wp\/v2\/posts\/36796","targetHints":{"allow":["GET"]}}],"collection":[{"href":"https:\/\/primiciasclorinda.com\/index.php?rest_route=\/wp\/v2\/posts"}],"about":[{"href":"https:\/\/primiciasclorinda.com\/index.php?rest_route=\/wp\/v2\/types\/post"}],"author":[{"embeddable":true,"href":"https:\/\/primiciasclorinda.com\/index.php?rest_route=\/wp\/v2\/users\/3"}],"replies":[{"embeddable":true,"href":"https:\/\/primiciasclorinda.com\/index.php?rest_route=%2Fwp%2Fv2%2Fcomments&post=36796"}],"version-history":[{"count":1,"href":"https:\/\/primiciasclorinda.com\/index.php?rest_route=\/wp\/v2\/posts\/36796\/revisions"}],"predecessor-version":[{"id":36799,"href":"https:\/\/primiciasclorinda.com\/index.php?rest_route=\/wp\/v2\/posts\/36796\/revisions\/36799"}],"wp:featuredmedia":[{"embeddable":true,"href":"https:\/\/primiciasclorinda.com\/index.php?rest_route=\/wp\/v2\/media\/36798"}],"wp:attachment":[{"href":"https:\/\/primiciasclorinda.com\/index.php?rest_route=%2Fwp%2Fv2%2Fmedia&parent=36796"}],"wp:term":[{"taxonomy":"category","embeddable":true,"href":"https:\/\/primiciasclorinda.com\/index.php?rest_route=%2Fwp%2Fv2%2Fcategories&post=36796"},{"taxonomy":"post_tag","embeddable":true,"href":"https:\/\/primiciasclorinda.com\/index.php?rest_route=%2Fwp%2Fv2%2Ftags&post=36796"}],"curies":[{"name":"wp","href":"https:\/\/api.w.org\/{rel}","templated":true}]}}