{"id":36787,"date":"2025-07-05T10:11:12","date_gmt":"2025-07-05T13:11:12","guid":{"rendered":"http:\/\/primiciasclorinda.com\/?p=36787"},"modified":"2025-07-05T10:11:12","modified_gmt":"2025-07-05T13:11:12","slug":"milei-les-fija-a-los-gobernadores-una-condicion-para-acceder-a-mas-fondos-en-2026","status":"publish","type":"post","link":"https:\/\/primiciasclorinda.com\/?p=36787","title":{"rendered":"Milei les fija a los gobernadores una condici\u00f3n para acceder a m\u00e1s fondos en 2026"},"content":{"rendered":"<p style=\"text-align: justify;\">La administraci\u00f3n de Javier Milei present\u00f3 el Informe de Avance correspondiente al Presupuesto 2026. All\u00ed, el Gobierno determin\u00f3 los principales puntos de coordinaci\u00f3n fiscal con las provincias e indic\u00f3 donde aumentar\u00e1 el env\u00edo de fondos del Estado Nacional. Tras dos semanas de tire y afloje con Naci\u00f3n, los gobernadores presentaron el mi\u00e9rcoles dos proyectos que modifican la distribuci\u00f3n de la de la coparticipaci\u00f3n a trav\u00e9s de cambios en los Aportes del Tesoro Nacional (ATN) y el impuesto a los combustibles.<\/p>\n<p style=\"text-align: justify;\">En este sentido, dando pie a la disputa por los fondos del Presupuesto 2026, el Gobierno nacional inform\u00f3 sus expectativas para con las provincias en el pr\u00f3ximo a\u00f1o bajo el t\u00edtulo \u00abCoordinaci\u00f3n fiscal con las provincias\u00bb. En el texto que informa las novedades del \u00faltimo a\u00f1o, la gesti\u00f3n de Milei advirti\u00f3 que mantendr\u00e1n para con las provincias la pol\u00edtica de reducci\u00f3n del gasto p\u00fablico y equilibrio fiscal iniciada en 2024.<\/p>\n<p style=\"text-align: justify;\">Asimismo, se buscar\u00e1 que las provincias acompa\u00f1en con el saneamiento de sus finanzas. Cosa que fue refutada por varios gobernadores como los de Santa Fe y C\u00f3rdoba qui\u00e9n aseguraron que ellos ya tienen d\u00e9ficit cero y el problema es la mala distribuci\u00f3n de los recursos coparticipables.<\/p>\n<p style=\"text-align: justify;\">Respecto de los gastos, el gobierno en el 2026 espera una mayor recuperaci\u00f3n de la recaudaci\u00f3n provincial, con un crecimiento del 47.8% en relaci\u00f3n con el comportamiento de los recursos nacionales que se incrementar\u00edan un 42.0%. Como una zanahoria para los gobernadores, el texto advierte que se prev\u00e9n mayores transferencias a las Provincias y a CABA, provenientes del Estado Nacional.<\/p>\n<p style=\"text-align: justify;\">Fuentes allegadas a jefatura de Gabinete aseguraron que no tienen intenci\u00f3n en modificar las transferencias a las provincias antes del pr\u00f3ximo a\u00f1o. En ese sentido, la contrapropuesta para los gobernadores fue darles las rutas nacionales, pero sin saldar la deuda que tiene el Estado Nacional.<\/p>\n<p style=\"text-align: justify;\">Desde el Ejecutivo aseguraron que las provincias pasaron de un d\u00e9ficit de $0,552 billones (2023) a un super\u00e1vit de $1,031 billones. El resultado financiero consolidado pas\u00f3 de -1,6% a +1,1% de los ingresos totales. Mientras tanto, la Proyecci\u00f3n 2025 es que el resultado financiero sea levemente deficitario, pero el resultado primario quede en positivo (0,2% del PBI).<\/p>\n<p style=\"text-align: justify;\">Adem\u00e1s, aseguraron que se fortaleci\u00f3 el Consejo Federal y se impuls\u00f3 un r\u00e9gimen para extinguir deudas rec\u00edprocas entre Naci\u00f3n y provincias.<\/p>\n<p style=\"text-align: justify;\">Desde el Gobierno nacional aseguraron que se redujo la presi\u00f3n tributaria sobre las provincias. Se baj\u00f3 el 5,1% al 4,9% del PBI entre 2023 y 2024. En este sentido, seg\u00fan Milei se espera que contin\u00fae la tendencia con mayor protagonismo de la recaudaci\u00f3n provincial (195,8% de suba en 2024 vs. 193,5% nacional).<\/p>\n<p style=\"text-align: justify;\">Finalmente, en la composici\u00f3n del gasto, aseguraron que el gasto corriente fue el 90,2% del total. El gasto en personal representa el 43,4% del total; subi\u00f3 173,9% en 2024, por debajo del aumento de los recursos (+179%).<br \/>\nMientras tanto, el gasto de capital: apenas el 9,8%. Se proyecta una suba del gasto nominal de capital del 45,4%. Mientras que tambi\u00e9n se proyecta aumento en la inversi\u00f3n con financiamiento v\u00eda t\u00edtulos y pr\u00e9stamos multilaterales<\/p>\n<p style=\"text-align: justify;\">Desde el Gobierno indicaron que las transferencias presupuestarias cayeron 9,7% en 2024. Asimismo, se prev\u00e9 un aumento moderado de 27,5% en 2025. En el presupuesto advirtieron que existi\u00f3 un fuerte aumento del pago de servicios de deuda en 2024: +203% (amortizaciones +279%, intereses +123%). El 73,2% del stock de deuda son t\u00edtulos p\u00fablicos; 88,9% en moneda extranjera, con riesgo cambiario elevado.<\/p>\n<p style=\"text-align: justify;\">En 2025 se concentran vencimientos importantes: CABA: primer pago del bono Tango 12 (u$s 890 millones) y en C\u00f3rdoba la amortizaci\u00f3n del bono reestructurado por u$s 510 millones. Se espera un aumento del peso de los servicios de deuda sobre los ingresos corrientes.<\/p>\n","protected":false},"excerpt":{"rendered":"<div class=\"mh-excerpt\"><p>La administraci\u00f3n de Javier Milei present\u00f3 el Informe de Avance correspondiente al Presupuesto 2026. All\u00ed, el Gobierno determin\u00f3 los principales puntos de coordinaci\u00f3n fiscal con <a class=\"mh-excerpt-more\" href=\"https:\/\/primiciasclorinda.com\/?p=36787\" title=\"Milei les fija a los gobernadores una condici\u00f3n para acceder a m\u00e1s fondos en 2026\">[&#8230;]<\/a><\/p>\n<\/div>","protected":false},"author":3,"featured_media":36784,"comment_status":"open","ping_status":"open","sticky":false,"template":"","format":"standard","meta":{"footnotes":""},"categories":[3],"tags":[211,70,4892],"class_list":["post-36787","post","type-post","status-publish","format-standard","has-post-thumbnail","hentry","category-politica-economia","tag-coparticipacion","tag-gobierno-nacional","tag-presupuesto-2026"],"_links":{"self":[{"href":"https:\/\/primiciasclorinda.com\/index.php?rest_route=\/wp\/v2\/posts\/36787","targetHints":{"allow":["GET"]}}],"collection":[{"href":"https:\/\/primiciasclorinda.com\/index.php?rest_route=\/wp\/v2\/posts"}],"about":[{"href":"https:\/\/primiciasclorinda.com\/index.php?rest_route=\/wp\/v2\/types\/post"}],"author":[{"embeddable":true,"href":"https:\/\/primiciasclorinda.com\/index.php?rest_route=\/wp\/v2\/users\/3"}],"replies":[{"embeddable":true,"href":"https:\/\/primiciasclorinda.com\/index.php?rest_route=%2Fwp%2Fv2%2Fcomments&post=36787"}],"version-history":[{"count":1,"href":"https:\/\/primiciasclorinda.com\/index.php?rest_route=\/wp\/v2\/posts\/36787\/revisions"}],"predecessor-version":[{"id":36788,"href":"https:\/\/primiciasclorinda.com\/index.php?rest_route=\/wp\/v2\/posts\/36787\/revisions\/36788"}],"wp:featuredmedia":[{"embeddable":true,"href":"https:\/\/primiciasclorinda.com\/index.php?rest_route=\/wp\/v2\/media\/36784"}],"wp:attachment":[{"href":"https:\/\/primiciasclorinda.com\/index.php?rest_route=%2Fwp%2Fv2%2Fmedia&parent=36787"}],"wp:term":[{"taxonomy":"category","embeddable":true,"href":"https:\/\/primiciasclorinda.com\/index.php?rest_route=%2Fwp%2Fv2%2Fcategories&post=36787"},{"taxonomy":"post_tag","embeddable":true,"href":"https:\/\/primiciasclorinda.com\/index.php?rest_route=%2Fwp%2Fv2%2Ftags&post=36787"}],"curies":[{"name":"wp","href":"https:\/\/api.w.org\/{rel}","templated":true}]}}