{"id":36766,"date":"2025-07-04T09:27:45","date_gmt":"2025-07-04T12:27:45","guid":{"rendered":"http:\/\/primiciasclorinda.com\/?p=36766"},"modified":"2025-07-04T09:27:45","modified_gmt":"2025-07-04T12:27:45","slug":"javier-milei-viaja-a-chaco-para-participar-de-la-convencion-evangelista-invasion-del-amor-de-dios","status":"publish","type":"post","link":"https:\/\/primiciasclorinda.com\/?p=36766","title":{"rendered":"Javier Milei viaja a Chaco para participar de la convenci\u00f3n evangelista \u201cInvasi\u00f3n del amor de Dios\u201d"},"content":{"rendered":"<p style=\"text-align: justify;\">El presidente Javier Milei viaja a la provincia de Chaco para participar de una convenci\u00f3n evangelista e inaugurar la iglesia \u201cPortal del Cielo\u201d, en la ciudad de Resistencia.<\/p>\n<p style=\"text-align: justify;\">En medio del acecho opositor, el Gobierno proyecta convocar a las provincias para acercar posiciones<br \/>\nTe puede interesar:<\/p>\n<p style=\"text-align: justify;\">En medio del acecho opositor, el Gobierno proyecta convocar a las provincias para acercar posiciones<br \/>\nSeg\u00fan pudo confirmar Infobae, el primer mandatario participar\u00e1 este s\u00e1bado por la tarde de la Convenci\u00f3n Internacional de liderazgo cristiano \u201cInvasi\u00f3n del amor de Dios\u201d, que lidera el pastor Jorge Ledesma.<\/p>\n<p style=\"text-align: justify;\">Cerca de las 16, Milei arribar\u00e1 al Aeropuerto Internacional de Resistencia \u201cJos\u00e9 de San Mart\u00edn\u201d, y ser\u00e1 recibido por el gobernador Leandro Zdero, un dirigente del radicalismo que tiene una alianza electoral con La Libertad Avanza.<\/p>\n<p style=\"text-align: justify;\">En medio de la crisis del gas, el Gobierno aument\u00f3 un recargo que impactar\u00e1 en la factura de los hogares<br \/>\nTe puede interesar:<\/p>\n<p style=\"text-align: justify;\">En medio de la crisis del gas, el Gobierno aument\u00f3 un recargo que impactar\u00e1 en la factura de los hogares<br \/>\nEl mandatario chaque\u00f1o es uno de los principales interlocutores que tiene la Casa Rosada con la constelaci\u00f3n de gobernadores de provincias argentinas. El v\u00ednculo pol\u00edtico del Ejecutivo con esos jefes territoriales atraviesa un momento de turbulencias, sobre todo por reclamos de fondos presupuestarios.<\/p>\n<p style=\"text-align: justify;\">En las \u00faltimas elecciones locales, el radicalismo se uni\u00f3 a la Casa Rosada con la coalici\u00f3n Chaco Puede + La Libertad Avanza y se impuso al peronismo liderado por Jorge Capitanich. Ese modelo de acuerdo iba a repetirse en la provincia de Corrientes, pero la negociaci\u00f3n con el gobernador Gustavo Vald\u00e9s (tambi\u00e9n de la UCR) no prosper\u00f3 y competir\u00e1n por separado.<\/p>\n<p style=\"text-align: justify;\">Kicillof ordena a su tropa y pide posibles candidatos para negociar las listas con el resto del peronismo<br \/>\nTe puede interesar:<br \/>\nKicillof ordena a su tropa y pide posibles candidatos para negociar las listas con el resto del peronismo<br \/>\nM\u00e1s all\u00e1 de las cuestiones pol\u00edticas, el encuentro principal de ma\u00f1ana se dar\u00e1 en la nueva Iglesia Portal del Cielo Distancia, en avenida Arribalzaga 2000, donde tendr\u00e1 un encuentro con el pastor Ledesma, antes del acto principal, que contar\u00e1 tambi\u00e9n con un discurso del jefe de Estado. El regreso a Buenos Aires est\u00e1 previsto para las 22.<\/p>\n<p style=\"text-align: justify;\">El movimiento evangelista tiene una fuerte penetraci\u00f3n entre la feligres\u00eda cristiana y est\u00e1 involucrada en actividad social y pastoral. En el sitio oficial de la Iglesia Cristiana Internacional se informa que \u201cla inauguraci\u00f3n (de Portal del Cielo) marcar\u00e1 un nuevo tiempo\u201d. Y destaca que el pastor Ledesma \u201ces reconocido mundialmente por su ministerio de milagros, autoridad apost\u00f3lica y revelaci\u00f3n prof\u00e9tica\u201d.<\/p>\n<p style=\"text-align: justify;\">\u201cLa atm\u00f3sfera espiritual ser\u00e1 conducida por el ministerio New Wine, cuya adoraci\u00f3n profunda y poderosa ha bendecido a miles en todo el continente. La entrada para esta actividad ser\u00e1 completamente libre y gratuita, una oportunidad \u00fanica para todos aquellos que desean tener un encuentro con lo sobrenatural\u201d, se inform\u00f3.<\/p>\n<p style=\"text-align: justify;\">\u00abLuego de una apertura gloriosa, los d\u00edas viernes 4 y s\u00e1bado 5 de julio se desarrollar\u00e1 la esperada Convenci\u00f3n Mundial de Invasi\u00f3n del Amor de Dios, donde se impartir\u00e1 palabra, unci\u00f3n y direcci\u00f3n espiritual para este tiempo\u00bb, agrega.<\/p>\n<p style=\"text-align: justify;\">Y concluye: \u201cEl grupo New Wine seguir\u00e1 guiando los momentos de alabanza y adoraci\u00f3n, llevando a los asistentes a un nivel m\u00e1s profundo de intimidad con Dios. Se esperan milagros, testimonios en vivo y un mover palpable del Esp\u00edritu Santo.<\/p>\n<p style=\"text-align: justify;\">De acuerdo con la informaci\u00f3n publicada en su sitio, la Iglesia Cristiana Internacional \u201ces una iglesia evang\u00e9lica fundada por los pastores Jorge y Alicia Ledesma en el a\u00f1o 1994 en Resistencia, Chaco, Argentina, con tan solo 12 personas\u201d.<\/p>\n","protected":false},"excerpt":{"rendered":"<div class=\"mh-excerpt\"><p>El presidente Javier Milei viaja a la provincia de Chaco para participar de una convenci\u00f3n evangelista e inaugurar la iglesia \u201cPortal del Cielo\u201d, en la <a class=\"mh-excerpt-more\" href=\"https:\/\/primiciasclorinda.com\/?p=36766\" title=\"Javier Milei viaja a Chaco para participar de la convenci\u00f3n evangelista \u201cInvasi\u00f3n del amor de Dios\u201d\">[&#8230;]<\/a><\/p>\n<\/div>","protected":false},"author":3,"featured_media":36767,"comment_status":"open","ping_status":"open","sticky":false,"template":"","format":"standard","meta":{"footnotes":""},"categories":[3],"tags":[4889,4142],"class_list":["post-36766","post","type-post","status-publish","format-standard","has-post-thumbnail","hentry","category-politica-economia","tag-iglesia-evangelica-chaco","tag-milei"],"_links":{"self":[{"href":"https:\/\/primiciasclorinda.com\/index.php?rest_route=\/wp\/v2\/posts\/36766","targetHints":{"allow":["GET"]}}],"collection":[{"href":"https:\/\/primiciasclorinda.com\/index.php?rest_route=\/wp\/v2\/posts"}],"about":[{"href":"https:\/\/primiciasclorinda.com\/index.php?rest_route=\/wp\/v2\/types\/post"}],"author":[{"embeddable":true,"href":"https:\/\/primiciasclorinda.com\/index.php?rest_route=\/wp\/v2\/users\/3"}],"replies":[{"embeddable":true,"href":"https:\/\/primiciasclorinda.com\/index.php?rest_route=%2Fwp%2Fv2%2Fcomments&post=36766"}],"version-history":[{"count":1,"href":"https:\/\/primiciasclorinda.com\/index.php?rest_route=\/wp\/v2\/posts\/36766\/revisions"}],"predecessor-version":[{"id":36768,"href":"https:\/\/primiciasclorinda.com\/index.php?rest_route=\/wp\/v2\/posts\/36766\/revisions\/36768"}],"wp:featuredmedia":[{"embeddable":true,"href":"https:\/\/primiciasclorinda.com\/index.php?rest_route=\/wp\/v2\/media\/36767"}],"wp:attachment":[{"href":"https:\/\/primiciasclorinda.com\/index.php?rest_route=%2Fwp%2Fv2%2Fmedia&parent=36766"}],"wp:term":[{"taxonomy":"category","embeddable":true,"href":"https:\/\/primiciasclorinda.com\/index.php?rest_route=%2Fwp%2Fv2%2Fcategories&post=36766"},{"taxonomy":"post_tag","embeddable":true,"href":"https:\/\/primiciasclorinda.com\/index.php?rest_route=%2Fwp%2Fv2%2Ftags&post=36766"}],"curies":[{"name":"wp","href":"https:\/\/api.w.org\/{rel}","templated":true}]}}