{"id":36726,"date":"2025-07-02T09:57:01","date_gmt":"2025-07-02T12:57:01","guid":{"rendered":"http:\/\/primiciasclorinda.com\/?p=36726"},"modified":"2025-07-02T09:57:01","modified_gmt":"2025-07-02T12:57:01","slug":"quienes-son-los-convencionales-electos-para-la-reforma-de-la-constitucion-provincial","status":"publish","type":"post","link":"https:\/\/primiciasclorinda.com\/?p=36726","title":{"rendered":"Quienes son los Convencionales electos para la reforma de la Constituci\u00f3n Provincial."},"content":{"rendered":"<p style=\"text-align: justify;\">Con amplio respaldo, el justicialismo encabezar\u00eda la Convenci\u00f3n Constituyente en Formosa.<\/p>\n<p style=\"text-align: justify;\">Con m\u00e1s del 67% de los votos, el Partido Justicialista se encamina a obtener la mayor\u00eda en la Convenci\u00f3n Constituyente de Formosa. Los resultados provisorios indican que 21 de los 30 convencionales electos ser\u00edan oficialistas. Tambi\u00e9n ingresar\u00edan representantes del Frente Amplio Formose\u00f1o y La Libertad Avanza.<\/p>\n<p style=\"text-align: justify;\">Con una participaci\u00f3n superior al 65% del padr\u00f3n electoral y en una jornada que se desarroll\u00f3 con normalidad, el pueblo formose\u00f1o concurri\u00f3 a las urnas este domingo 29 de junio para elegir, entre otras autoridades, a los 30 miembros de la Convenci\u00f3n Constituyente, quienes tendr\u00e1n la responsabilidad de reformar la Constituci\u00f3n provincial.<\/p>\n<p style=\"text-align: justify;\">Seg\u00fan los resultados provisorios, el Partido Justicialista habr\u00eda alcanzado una contundente victoria con el 67,33% de los votos (205.086 sufragios), lo que le permitir\u00eda asegurarse la mayor\u00eda de los esca\u00f1os en la convenci\u00f3n. Le seguir\u00edan la Confederaci\u00f3n Frente Amplio Formose\u00f1o con el 20,62% (62.805 votos), La Libertad Avanza con el 11,21% (34.135 votos), y el Movimiento Libres del Sur, que obtuvo el 0,84% (2.573 votos).<\/p>\n<p style=\"text-align: justify;\">Con una participaci\u00f3n superior al 65% del padr\u00f3n electoral y en una jornada que se desarroll\u00f3 con normalidad, el pueblo formose\u00f1o concurri\u00f3 a las urnas este domingo 29 de junio para elegir, entre otras autoridades, a los 30 miembros de la Convenci\u00f3n Constituyente, quienes tendr\u00e1n la responsabilidad de reformar la Constituci\u00f3n provincial.<\/p>\n<p style=\"text-align: justify;\">Seg\u00fan los resultados provisorios, el Partido Justicialista habr\u00eda alcanzado una contundente victoria con el 67,33% de los votos (205.086 sufragios), lo que le permitir\u00eda asegurarse la mayor\u00eda de los esca\u00f1os en la convenci\u00f3n. Le seguir\u00edan la Confederaci\u00f3n Frente Amplio Formose\u00f1o con el 20,62% (62.805 votos), La Libertad Avanza con el 11,21% (34.135 votos), y el Movimiento Libres del Sur, que obtuvo el 0,84% (2.573 votos).<\/p>\n<p style=\"text-align: justify;\">De confirmarse esta tendencia, el oficialismo se quedar\u00eda con al menos 21 de los 30 constituyentes, mientras que la oposici\u00f3n ocupar\u00eda los 9 lugares restantes, distribuidos entre el Frente Amplio Formose\u00f1o y La Libertad Avanza.<\/p>\n<p style=\"text-align: justify;\">C\u00f3mo quedar\u00eda conformada la Convenci\u00f3n Constituyente<\/p>\n<p style=\"text-align: justify;\">Constituyentes por el Partido Justicialista<br \/>\nMar\u00eda Graciela de la Rosa<br \/>\nRodrigo Emmanuel Vera<br \/>\nAdri\u00e1n Marcelo Muracciole<br \/>\nGrissel Mabel Instr\u00e1n<br \/>\nFerm\u00edn Caballero<br \/>\nAna Mar\u00eda del Carmen del Riccio<br \/>\nBraida Roberto Domingo Vizca\u00edno<br \/>\nH\u00e9ctor Mario Romay<br \/>\nValeria Ruth M\u00e9ndez<br \/>\nJos\u00e9 Agust\u00edn Olmedo<br \/>\nOsvaldo Carlos So\u00f1ez<br \/>\nGraciela Andrea Acosta<br \/>\nRub\u00e9n Dar\u00edo Solalinde<br \/>\nGricel Noem\u00ed Cardozo<br \/>\nHugo Orlando Garcia<br \/>\nKarina Edith Gim\u00e9nez<br \/>\nEdgar Adri\u00e1n P\u00e9rez<br \/>\nMar\u00eda de los \u00c1ngeles Mart\u00ednez<br \/>\nGisela Andrea Prati<br \/>\nAlicia Edith Ben\u00edtez<br \/>\nBlanca Azucena Del Valle Almir\u00f3n<\/p>\n<p style=\"text-align: justify;\">Constituyentes por el Frente Amplio Formose\u00f1o<br \/>\nAna Gabriela Neme<br \/>\nJuan Carlos Montiel<br \/>\nBernarda Ramona Ben\u00edtez<br \/>\nFrancisco Manuel Paoltroni<br \/>\nGuillermo Federico Evans<br \/>\nNilda Lucila Lucy Aguayo Sosa<\/p>\n<p style=\"text-align: justify;\">Constituyentes por La Libertad Avanza<br \/>\nMar\u00eda Sof\u00eda Fridman<br \/>\nVicente Emilio<br \/>\nAtilio Basualdo<\/p>\n<p style=\"text-align: justify;\">Cabe recordar que, adem\u00e1s de los convencionales, tambi\u00e9n se eligieron 15 diputados provinciales y 62 concejales en 37 municipios y comisiones de fomento. El padr\u00f3n estaba conformado por 488.951 personas habilitadas para votar, de las cuales m\u00e1s de 13 mil eran j\u00f3venes votando por primera vez.<\/p>\n<p style=\"text-align: justify;\">La conformaci\u00f3n final de la Convenci\u00f3n Constituyente quedar\u00e1 sujeta al escrutinio definitivo, pero todo indica que el Partido Justicialista liderar\u00e1 ampliamente el proceso de reforma constitucional.<\/p>\n","protected":false},"excerpt":{"rendered":"<div class=\"mh-excerpt\"><p>Con amplio respaldo, el justicialismo encabezar\u00eda la Convenci\u00f3n Constituyente en Formosa. Con m\u00e1s del 67% de los votos, el Partido Justicialista se encamina a obtener <a class=\"mh-excerpt-more\" href=\"https:\/\/primiciasclorinda.com\/?p=36726\" title=\"Quienes son los Convencionales electos para la reforma de la Constituci\u00f3n Provincial.\">[&#8230;]<\/a><\/p>\n<\/div>","protected":false},"author":3,"featured_media":36727,"comment_status":"open","ping_status":"open","sticky":false,"template":"","format":"standard","meta":{"footnotes":""},"categories":[3],"tags":[4882,4720],"class_list":["post-36726","post","type-post","status-publish","format-standard","has-post-thumbnail","hentry","category-politica-economia","tag-convencionales","tag-elecciones-provinciales-2025"],"_links":{"self":[{"href":"https:\/\/primiciasclorinda.com\/index.php?rest_route=\/wp\/v2\/posts\/36726","targetHints":{"allow":["GET"]}}],"collection":[{"href":"https:\/\/primiciasclorinda.com\/index.php?rest_route=\/wp\/v2\/posts"}],"about":[{"href":"https:\/\/primiciasclorinda.com\/index.php?rest_route=\/wp\/v2\/types\/post"}],"author":[{"embeddable":true,"href":"https:\/\/primiciasclorinda.com\/index.php?rest_route=\/wp\/v2\/users\/3"}],"replies":[{"embeddable":true,"href":"https:\/\/primiciasclorinda.com\/index.php?rest_route=%2Fwp%2Fv2%2Fcomments&post=36726"}],"version-history":[{"count":1,"href":"https:\/\/primiciasclorinda.com\/index.php?rest_route=\/wp\/v2\/posts\/36726\/revisions"}],"predecessor-version":[{"id":36728,"href":"https:\/\/primiciasclorinda.com\/index.php?rest_route=\/wp\/v2\/posts\/36726\/revisions\/36728"}],"wp:featuredmedia":[{"embeddable":true,"href":"https:\/\/primiciasclorinda.com\/index.php?rest_route=\/wp\/v2\/media\/36727"}],"wp:attachment":[{"href":"https:\/\/primiciasclorinda.com\/index.php?rest_route=%2Fwp%2Fv2%2Fmedia&parent=36726"}],"wp:term":[{"taxonomy":"category","embeddable":true,"href":"https:\/\/primiciasclorinda.com\/index.php?rest_route=%2Fwp%2Fv2%2Fcategories&post=36726"},{"taxonomy":"post_tag","embeddable":true,"href":"https:\/\/primiciasclorinda.com\/index.php?rest_route=%2Fwp%2Fv2%2Ftags&post=36726"}],"curies":[{"name":"wp","href":"https:\/\/api.w.org\/{rel}","templated":true}]}}