{"id":36548,"date":"2025-06-23T09:17:50","date_gmt":"2025-06-23T12:17:50","guid":{"rendered":"http:\/\/primiciasclorinda.com\/?p=36548"},"modified":"2025-06-23T09:17:50","modified_gmt":"2025-06-23T12:17:50","slug":"ya-estan-en-argentina-los-diputados-que-habian-quedado-varados-en-israel","status":"publish","type":"post","link":"https:\/\/primiciasclorinda.com\/?p=36548","title":{"rendered":"Ya est\u00e1n en Argentina los diputados que hab\u00edan quedado varados en Israel"},"content":{"rendered":"<p style=\"text-align: justify;\">Maximiliano Ferraro y Dami\u00e1n Arabia lograron arribar a Buenos Aires luego de haber permanecido varios d\u00edas en Tel Aviv durante el inicio de la guerra.<\/p>\n<p style=\"text-align: justify;\">Final feliz para la situaci\u00f3n que atravesaron en Israel los diputados nacionales argentinos que se encontraban en Israel cuando comenz\u00f3 la guerra con Ir\u00e1n. Hablamos de\u00a0<strong>Maximiliano Ferraro<\/strong>, de la CC, y\u00a0<strong>Dami\u00e1n Arabia<\/strong>, del Pro, quienes hab\u00edan viajado a Medio Oriente para participar de las actividades relacionadas con el festival Pride 2025, que reivindica los derechos de la comunidad LGBT.<\/p>\n<p style=\"text-align: justify;\">Cuando comenz\u00f3 la guerra, ambos compartieron un mensaje similar en sus perfiles de la red social X. \u00abQuiero contarles que me encuentro en Tel Aviv. Llegu\u00e9 ayer, invitado por la Embajada de Israel, para participar de una serie de actividades en el marco del Pride 2025, que volv\u00edan a realizarse por primera vez tras el atentado terrorista de Ham\u00e1s, como s\u00edmbolo de libertad y democracia en el coraz\u00f3n de una regi\u00f3n convulsionada\u00bb, expresaba el posteo de Arabia.<\/p>\n<p style=\"text-align: justify;\">Mientras que el de Ferraro planteaba: \u201cComo es de p\u00fablico conocimiento, todas las actividades han sido suspendidas debido a la creciente tensi\u00f3n b\u00e9lica en la regi\u00f3n, y especialmente ante el posible contrataque del Estado terrorista y autocr\u00e1tico de Ir\u00e1n\u201d.<\/p>\n<p style=\"text-align: justify;\">Finalmente el martes pasado ambos diputados lograron salir de Tel Aviv por v\u00eda terrestre y llegaron a Jordania. De todos modos, les llev\u00f3 varios d\u00edas lograr tomar un vuelo que los trajera de vuelta a Buenos Aires.<\/p>\n<p style=\"text-align: justify;\">Este s\u00e1bado Maximiliano Ferraro inform\u00f3 que acababan de llegar a Buenos Aires. Luego de la salida con traslado terrestre desde Tel Aviv hacia Jordania el martes pasado, y tras varias cancelaciones estando en Am\u00e1n, pudieron conseguir un vuelo Am\u00e1n-Dubai, conexi\u00f3n Dub\u00e1i-R\u00edo de Janeiro, y finalmente R\u00edo de Janeiro-Buenos Aires.<\/p>\n<p style=\"text-align: justify;\">\u201cQuiero volver a agradecer a todos los que se preocuparon y me estuvieron mandando mensajes de afecto y fuerza, y tambi\u00e9n a todas las personas en Tel Aviv que se acercaron, se contactaron o me tendieron una mano para saber si estaba bien\u201d, se\u00f1al\u00f3 el diputado de la Coalici\u00f3n C\u00edvica<\/p>\n","protected":false},"excerpt":{"rendered":"<div class=\"mh-excerpt\"><p>Maximiliano Ferraro y Dami\u00e1n Arabia lograron arribar a Buenos Aires luego de haber permanecido varios d\u00edas en Tel Aviv durante el inicio de la guerra. <a class=\"mh-excerpt-more\" href=\"https:\/\/primiciasclorinda.com\/?p=36548\" title=\"Ya est\u00e1n en Argentina los diputados que hab\u00edan quedado varados en Israel\">[&#8230;]<\/a><\/p>\n<\/div>","protected":false},"author":3,"featured_media":36549,"comment_status":"open","ping_status":"open","sticky":false,"template":"","format":"standard","meta":{"footnotes":""},"categories":[4],"tags":[4835,1069,4704],"class_list":["post-36548","post","type-post","status-publish","format-standard","has-post-thumbnail","hentry","category-informacion-general","tag-conflicto-israel-iran","tag-diputados","tag-regreso"],"_links":{"self":[{"href":"https:\/\/primiciasclorinda.com\/index.php?rest_route=\/wp\/v2\/posts\/36548","targetHints":{"allow":["GET"]}}],"collection":[{"href":"https:\/\/primiciasclorinda.com\/index.php?rest_route=\/wp\/v2\/posts"}],"about":[{"href":"https:\/\/primiciasclorinda.com\/index.php?rest_route=\/wp\/v2\/types\/post"}],"author":[{"embeddable":true,"href":"https:\/\/primiciasclorinda.com\/index.php?rest_route=\/wp\/v2\/users\/3"}],"replies":[{"embeddable":true,"href":"https:\/\/primiciasclorinda.com\/index.php?rest_route=%2Fwp%2Fv2%2Fcomments&post=36548"}],"version-history":[{"count":1,"href":"https:\/\/primiciasclorinda.com\/index.php?rest_route=\/wp\/v2\/posts\/36548\/revisions"}],"predecessor-version":[{"id":36550,"href":"https:\/\/primiciasclorinda.com\/index.php?rest_route=\/wp\/v2\/posts\/36548\/revisions\/36550"}],"wp:featuredmedia":[{"embeddable":true,"href":"https:\/\/primiciasclorinda.com\/index.php?rest_route=\/wp\/v2\/media\/36549"}],"wp:attachment":[{"href":"https:\/\/primiciasclorinda.com\/index.php?rest_route=%2Fwp%2Fv2%2Fmedia&parent=36548"}],"wp:term":[{"taxonomy":"category","embeddable":true,"href":"https:\/\/primiciasclorinda.com\/index.php?rest_route=%2Fwp%2Fv2%2Fcategories&post=36548"},{"taxonomy":"post_tag","embeddable":true,"href":"https:\/\/primiciasclorinda.com\/index.php?rest_route=%2Fwp%2Fv2%2Ftags&post=36548"}],"curies":[{"name":"wp","href":"https:\/\/api.w.org\/{rel}","templated":true}]}}