{"id":36421,"date":"2025-06-17T08:14:25","date_gmt":"2025-06-17T11:14:25","guid":{"rendered":"http:\/\/primiciasclorinda.com\/?p=36421"},"modified":"2025-06-17T08:14:25","modified_gmt":"2025-06-17T11:14:25","slug":"milei-anunciara-hoy-cambios-en-la-policia-federal-junto-a-bullrich-los-detalles-de-la-medida-publicada-en-el-boletin-oficial","status":"publish","type":"post","link":"https:\/\/primiciasclorinda.com\/?p=36421","title":{"rendered":"Milei anunciar\u00e1 hoy cambios en la Polic\u00eda Federal junto a Bullrich: los detalles de la medida publicada en el Bolet\u00edn Oficial"},"content":{"rendered":"<p style=\"text-align: justify;\">El Presidente y la ministra de Seguridad presentar\u00e1n los pormenores de un decreto que le dar\u00e1 m\u00e1s libertad de acci\u00f3n a los uniformados para investigar delitos en la web y detener a delincuentes, adem\u00e1s de modificaciones estructurales en el organismo.<\/p>\n<p style=\"text-align: justify;\">Tan solo unos d\u00edas despu\u00e9s de haber regresado de su gira por Europa y Medio Oriente, el presidente Javier Milei har\u00e1 su reaparici\u00f3n p\u00fablica junto a la ministra de Seguridad, Patricia Bullrich, con quien presentar\u00e1 hoy los detalles de una serie de modificaciones en la estructura y el accionar de la Polic\u00eda Federal, con el objetivo de que tengan mayor autonom\u00eda para perseguir determinados delitos.<\/p>\n<p style=\"text-align: justify;\">De acuerdo con lo que anticiparon a Infobae fuentes calificadas, la medida en cuesti\u00f3n se hizo efectiva a partir del Decreto 383\/2025 publicado esta madrugada en el Bolet\u00edn Oficial.<\/p>\n<p style=\"text-align: justify;\">En tanto, desde las 14:15 de este martes, el mandatario nacional y su funcionaria dar\u00e1n las precisiones correspondientes durante un acto que encabezar\u00e1n en la sede del Cuerpo de Polic\u00eda Montada, ubicada sobre la calle Cavia al 3300, en el barrio porte\u00f1o de Palermo.<\/p>\n<p style=\"text-align: justify;\">Seg\u00fan pudo saber este medio, bajo el nombre de \u201chacia una PFA moderna y orientada hacia la investigaci\u00f3n\u201d, la actual administraci\u00f3n libertaria busca ampliar la capacidad de esta fuerza, para que cumpla funciones m\u00e1s importantes como ocurre en las agencias de otros pa\u00edses, como es el caso del FBI en los Estados Unidos.<\/p>\n<p style=\"text-align: justify;\">En este sentido, uno de los cambios que se implementar\u00e1n ser\u00e1, por ejemplo, permitir que los uniformados realicen un patrullaje virtual por las redes sociales sin autorizaci\u00f3n previa de un juez para detectar posibles delitos.<\/p>\n<p style=\"text-align: justify;\">No obstante, siguiendo el texto preliminar de la iniciativa que ya circula entre los miembros de la Polic\u00eda, se aclara que \u201cestas tareas de prevenci\u00f3n\u201d deber\u00e1n \u201crespetar la protecci\u00f3n de los datos personales, la libertad de expresi\u00f3n, la intimidad y privacidad\u201d de los usuarios.<\/p>\n<p style=\"text-align: justify;\">Asimismo, el documento se\u00f1ala que otra decisi\u00f3n es que los efectivos puedan detener a una persona sin necesidad de intervenci\u00f3n judicial cuando haya elementos suficientes que \u201chagan presumir que alguien hubiese cometido o pudiere cometer alg\u00fan hecho delictivo\u201d.<\/p>\n<p style=\"text-align: justify;\">Por otra parte, uno de los puntos de la medida era la creaci\u00f3n de \u00e1reas espec\u00edficas dentro de la PFA para la investigaci\u00f3n de cr\u00edmenes complejos, como el narcotr\u00e1fico, la trata de personas y las redes criminales urbanas.<\/p>\n<p style=\"text-align: justify;\">Para poder llevar adelante estas modificaciones, en el Gobierno estiman que habr\u00e1 en los pr\u00f3ximos meses, cuando comiencen a funcionar estas nuevas dependencias, un crecimiento en la cantidad de uniformados desplegados en el interior del pa\u00eds.<\/p>\n<p style=\"text-align: justify;\">La intenci\u00f3n es establecer centros de seguimiento de las actividades en las ciudades m\u00e1s conflictivas -uno de los casos m\u00e1s relevantes es el de Rosario-, para controlar el avance de los operativos de cerca.<\/p>\n<p style=\"text-align: justify;\">Por \u00faltimo, Milei y Bullrich tambi\u00e9n anunciar\u00e1n una serie de modificaciones en los criterios para el ascenso de los uniformados y nuevos mecanismos de auditor\u00eda interna para tratar de evitar la corrupci\u00f3n.<\/p>\n<p style=\"text-align: justify;\">En el evento tambi\u00e9n estar\u00e1n el jefe de la Polic\u00eda Federal Argentina, el Comisario General Luis Alejandro Rolle, diferentes autoridades de la fuerza y del Ministerio de Seguridad y algunos legisladores.<\/p>\n<p style=\"text-align: justify;\">Esta no solo ser\u00e1 la primera vez que el Presidente habla p\u00fablicamente despu\u00e9s de su viaje por Italia, Francia, Espa\u00f1a e Israel, sino tambi\u00e9n luego de que la Corte Suprema de Justicia confirmar\u00e1 la condena contra Cristina Kirchner.<\/p>\n<p style=\"text-align: justify;\">De hecho, al d\u00eda siguiente del acto, la ex presidenta debe presentarse en los tribunales de Comodoro Py para ponerse a derecho y quedar finalmente detenida, aunque pidi\u00f3 cumplir la pena en su departamento de San Jos\u00e9 al 1111, en el barrio de Constituci\u00f3n.<\/p>\n<p style=\"text-align: justify;\">Tal como inform\u00f3 este medio, el juez Jorge Gorini, que tiene a cargo la ejecuci\u00f3n de la pena del Tribunal Oral Federal N\u00b0 2, est\u00e1 definiendo los detalles de la formalizaci\u00f3n del arresto domiciliario de la ex mandataria.<\/p>\n<p style=\"text-align: justify;\">La militancia kirchnerista ya anunci\u00f3 que el mi\u00e9rcoles realizar\u00e1 una movilizaci\u00f3n para acompa\u00f1ar a la l\u00edder de este espacio desde su vivienda hasta la dependencia judicial, por lo que el Ministerio de Seguridad ya est\u00e1 pensando en el operativo para controlar a la multitud.<\/p>\n","protected":false},"excerpt":{"rendered":"<div class=\"mh-excerpt\"><p>El Presidente y la ministra de Seguridad presentar\u00e1n los pormenores de un decreto que le dar\u00e1 m\u00e1s libertad de acci\u00f3n a los uniformados para investigar <a class=\"mh-excerpt-more\" href=\"https:\/\/primiciasclorinda.com\/?p=36421\" title=\"Milei anunciar\u00e1 hoy cambios en la Polic\u00eda Federal junto a Bullrich: los detalles de la medida publicada en el Bolet\u00edn Oficial\">[&#8230;]<\/a><\/p>\n<\/div>","protected":false},"author":3,"featured_media":36422,"comment_status":"open","ping_status":"open","sticky":false,"template":"","format":"standard","meta":{"footnotes":""},"categories":[3],"tags":[4016,4807,4806],"class_list":["post-36421","post","type-post","status-publish","format-standard","has-post-thumbnail","hentry","category-politica-economia","tag-anuncios","tag-cambios-en-pfa","tag-milei-y-bullrich"],"_links":{"self":[{"href":"https:\/\/primiciasclorinda.com\/index.php?rest_route=\/wp\/v2\/posts\/36421","targetHints":{"allow":["GET"]}}],"collection":[{"href":"https:\/\/primiciasclorinda.com\/index.php?rest_route=\/wp\/v2\/posts"}],"about":[{"href":"https:\/\/primiciasclorinda.com\/index.php?rest_route=\/wp\/v2\/types\/post"}],"author":[{"embeddable":true,"href":"https:\/\/primiciasclorinda.com\/index.php?rest_route=\/wp\/v2\/users\/3"}],"replies":[{"embeddable":true,"href":"https:\/\/primiciasclorinda.com\/index.php?rest_route=%2Fwp%2Fv2%2Fcomments&post=36421"}],"version-history":[{"count":1,"href":"https:\/\/primiciasclorinda.com\/index.php?rest_route=\/wp\/v2\/posts\/36421\/revisions"}],"predecessor-version":[{"id":36423,"href":"https:\/\/primiciasclorinda.com\/index.php?rest_route=\/wp\/v2\/posts\/36421\/revisions\/36423"}],"wp:featuredmedia":[{"embeddable":true,"href":"https:\/\/primiciasclorinda.com\/index.php?rest_route=\/wp\/v2\/media\/36422"}],"wp:attachment":[{"href":"https:\/\/primiciasclorinda.com\/index.php?rest_route=%2Fwp%2Fv2%2Fmedia&parent=36421"}],"wp:term":[{"taxonomy":"category","embeddable":true,"href":"https:\/\/primiciasclorinda.com\/index.php?rest_route=%2Fwp%2Fv2%2Fcategories&post=36421"},{"taxonomy":"post_tag","embeddable":true,"href":"https:\/\/primiciasclorinda.com\/index.php?rest_route=%2Fwp%2Fv2%2Ftags&post=36421"}],"curies":[{"name":"wp","href":"https:\/\/api.w.org\/{rel}","templated":true}]}}