{"id":36406,"date":"2025-06-16T09:38:41","date_gmt":"2025-06-16T12:38:41","guid":{"rendered":"http:\/\/primiciasclorinda.com\/?p=36406"},"modified":"2025-06-16T09:38:41","modified_gmt":"2025-06-16T12:38:41","slug":"concientizacion-sobre-el-abuso-en-la-vejez-en-el-modelo-formoseno-una-de-las-banderas-que-levantamos-siempre-es-la-proteccion-a-los-adultos-mayores","status":"publish","type":"post","link":"https:\/\/primiciasclorinda.com\/?p=36406","title":{"rendered":"Concientizaci\u00f3n sobre el abuso en la vejez: \u201cEn el Modelo Formose\u00f1o una de las banderas que levantamos siempre es la protecci\u00f3n a los adultos mayores\u201d"},"content":{"rendered":"<p style=\"text-align: justify;\">Desde 2011, la Asamblea General de las Naciones Unidas declar\u00f3 el 15 de junio como D\u00eda Mundial de Toma de Conciencia del Abuso y el Maltrato en la Vejez, y en este marco el Gobierno de Formosa, a trav\u00e9s de la Caja de Previsi\u00f3n Social (CPS) organiz\u00f3 un almuerzo y actividades para agasajarlos, en las instalaciones del Club San Mart\u00edn.<\/p>\n<p style=\"text-align: justify;\">De esta manera, Adri\u00e1n Muracciole, candidato a convencional constituyente por el Frente de la Victoria, se\u00f1al\u00f3 que \u201ccomo es costumbre la Caja de Previsi\u00f3n Social, siempre agasaja, acompa\u00f1a y est\u00e1 permanentemente presente con las jubiladas y jubilados de la provincia de Formosa, independientemente que sean jubilados de la Caja o de la ANSES\u201d.<\/p>\n<p style=\"text-align: justify;\">Subray\u00f3 que \u201cnos juntamos a celebrar, estar juntos, compartir, y particularmente en esta oportunidad, preparamos un gran locro para nuestros adultos mayores\u201d.<\/p>\n<p style=\"text-align: justify;\">Adem\u00e1s, agradeci\u00f3 \u201ca la presidenta del club Grisel Cardozo por el recibimiento y porque todo sali\u00f3 espectacular\u201d, a\u00f1adiendo que \u201ctambi\u00e9n estuvimos con los candidatos del FdV para hablar de la necesidad de mejorar siempre el trato que todos, individualmente y como sociedad, debemos tener con los adultos mayores que son los que forjaron este presente\u201d.<\/p>\n<p style=\"text-align: justify;\">Y destac\u00f3 que \u201cfueron ellos (adultos mayores) los que recorrieron su vida trabajando arduamente para que hoy tengamos la sociedad que tenemos y merecen que los respetemos, cuidemos y tratemos bien\u201d.<\/p>\n<p style=\"text-align: justify;\">Asimismo, aclar\u00f3 que \u201cel hecho de que hablemos de concientizaci\u00f3n no significa que tengamos que hablar en t\u00e9rminos negativos o dr\u00e1sticos, sino que celebramos y a la vez trabajamos en la concientizaci\u00f3n con el mejor ejemplo posible\u201d.<\/p>\n<p style=\"text-align: justify;\">Muracciole tambi\u00e9n alert\u00f3 que \u201cel Estado siempre tiene que estar presente, desde que estamos en la panza de nuestra mam\u00e1 y hacemos los controles peri\u00f3dicos y nos reciben en un hospital p\u00fablico, generalmente, de la Madre y el Ni\u00f1o, donde nacen la mayor\u00eda de las formose\u00f1as y los formose\u00f1os\u201d.<\/p>\n<p style=\"text-align: justify;\">Sigui\u00f3 \u201cel Estado nos acompa\u00f1a en la escuela, con los derechos laborales y, por supuesto, cuando somos adultos mayores, porque nos jubilamos y merecemos, en esa etapa de nuestra vida, tener una vida digna\u201d.<\/p>\n<p style=\"text-align: justify;\">Y resalt\u00f3 que \u201ceso se logra con pol\u00edticas p\u00fablicas que acompa\u00f1en a los jubilados y no solamente con el derecho a percibirla, sino tambi\u00e9n con otro tipo de actividades recreativas y viajes de ocio divertimento, como se hacen tanto en la Caja de Previsi\u00f3n Social como en las distintas Casas de la Solidaridad que hay en toda la provincia de Formosa\u201d, concluy\u00f3.<\/p>\n<p style=\"text-align: justify;\">Por su parte, Gustavo L\u00f3pez Pe\u00f1a, titular de la Administraci\u00f3n Tributaria Provincial (ATP) y candidato suplente a diputado provincial por el FdV, asegur\u00f3 que \u201cen el Modelo Formose\u00f1o una de las banderas que nosotros levantamos siempre es la protecci\u00f3n a los adultos mayores\u201d, destacando que \u201clos \u00fanicos privilegiados son los ni\u00f1os y los adultos mayores\u201d.<\/p>\n<p style=\"text-align: justify;\">\u201cEn ese marco hicimos un d\u00eda de celebraci\u00f3n, concientizaci\u00f3n y actividades que ellos desarrollan en los talleres que se llevan adelante en la provincia, en diferentes instituciones\u201d.<\/p>\n<p style=\"text-align: justify;\">Puntualiz\u00f3 que \u201calrededor de 700 personas participaron de este encuentro\u201d, pero, remarc\u00f3 que \u201ctambi\u00e9n lo hicimos de manera intergeneracional para que nuestros j\u00f3venes puedan acompa\u00f1arlos y as\u00ed crear esa conciencia de acompa\u00f1amiento\u201d.<\/p>\n<p style=\"text-align: justify;\">A su vez, afirm\u00f3 que \u201cen marco del Modelo Formose\u00f1o siempre se da respuesta para todos ellos\u201d, se\u00f1alando que \u201clo podemos ver en las diferentes inauguraciones del gobernador Gildo Insfr\u00e1n, como las Casas de la Solidaridad, atenci\u00f3n nutricional a trav\u00e9s del Ministerio de la Comunidad, de la Caja de Previsi\u00f3n Social, del Instituto de Pensiones Sociales o la Secretar\u00eda de Deportes\u201d.<\/p>\n<p style=\"text-align: justify;\">Y manifest\u00f3 que \u201ctodas estas normativas se van a emplazar en nuestra Constituci\u00f3n y es por eso que tambi\u00e9n es importante hablar sobre lo que vamos a elegir el 29 de junio, para que nadie venga a borrar todo lo que hemos conquistado\u201d, cerr\u00f3.<\/p>\n","protected":false},"excerpt":{"rendered":"<div class=\"mh-excerpt\"><p>Desde 2011, la Asamblea General de las Naciones Unidas declar\u00f3 el 15 de junio como D\u00eda Mundial de Toma de Conciencia del Abuso y el <a class=\"mh-excerpt-more\" href=\"https:\/\/primiciasclorinda.com\/?p=36406\" title=\"Concientizaci\u00f3n sobre el abuso en la vejez: \u201cEn el Modelo Formose\u00f1o una de las banderas que levantamos siempre es la protecci\u00f3n a los adultos mayores\u201d\">[&#8230;]<\/a><\/p>\n<\/div>","protected":false},"author":3,"featured_media":36407,"comment_status":"open","ping_status":"open","sticky":false,"template":"","format":"standard","meta":{"footnotes":""},"categories":[3],"tags":[2973,2329,23],"class_list":["post-36406","post","type-post","status-publish","format-standard","has-post-thumbnail","hentry","category-politica-economia","tag-adultos-mayores","tag-concientizacion","tag-formosa"],"_links":{"self":[{"href":"https:\/\/primiciasclorinda.com\/index.php?rest_route=\/wp\/v2\/posts\/36406","targetHints":{"allow":["GET"]}}],"collection":[{"href":"https:\/\/primiciasclorinda.com\/index.php?rest_route=\/wp\/v2\/posts"}],"about":[{"href":"https:\/\/primiciasclorinda.com\/index.php?rest_route=\/wp\/v2\/types\/post"}],"author":[{"embeddable":true,"href":"https:\/\/primiciasclorinda.com\/index.php?rest_route=\/wp\/v2\/users\/3"}],"replies":[{"embeddable":true,"href":"https:\/\/primiciasclorinda.com\/index.php?rest_route=%2Fwp%2Fv2%2Fcomments&post=36406"}],"version-history":[{"count":1,"href":"https:\/\/primiciasclorinda.com\/index.php?rest_route=\/wp\/v2\/posts\/36406\/revisions"}],"predecessor-version":[{"id":36408,"href":"https:\/\/primiciasclorinda.com\/index.php?rest_route=\/wp\/v2\/posts\/36406\/revisions\/36408"}],"wp:featuredmedia":[{"embeddable":true,"href":"https:\/\/primiciasclorinda.com\/index.php?rest_route=\/wp\/v2\/media\/36407"}],"wp:attachment":[{"href":"https:\/\/primiciasclorinda.com\/index.php?rest_route=%2Fwp%2Fv2%2Fmedia&parent=36406"}],"wp:term":[{"taxonomy":"category","embeddable":true,"href":"https:\/\/primiciasclorinda.com\/index.php?rest_route=%2Fwp%2Fv2%2Fcategories&post=36406"},{"taxonomy":"post_tag","embeddable":true,"href":"https:\/\/primiciasclorinda.com\/index.php?rest_route=%2Fwp%2Fv2%2Ftags&post=36406"}],"curies":[{"name":"wp","href":"https:\/\/api.w.org\/{rel}","templated":true}]}}