{"id":36368,"date":"2025-06-14T09:54:35","date_gmt":"2025-06-14T12:54:35","guid":{"rendered":"http:\/\/primiciasclorinda.com\/?p=36368"},"modified":"2025-06-14T09:54:35","modified_gmt":"2025-06-14T12:54:35","slug":"milei-vuelve-de-su-gira-y-el-gobierno-reactiva-mas-de-10-decretos-para-desregular-y-reducir-la-planta-estatal","status":"publish","type":"post","link":"https:\/\/primiciasclorinda.com\/?p=36368","title":{"rendered":"Milei vuelve de su gira y el Gobierno reactiva m\u00e1s de 10 decretos para desregular y reducir la planta estatal"},"content":{"rendered":"<p style=\"text-align: justify;\">La bater\u00eda de medidas abarca principalmente a los ministerios de Econom\u00eda y Salud. Los organismos en la lupa y los incrementos pendientes para los monotributistas estatales.<\/p>\n<p style=\"text-align: justify;\">Javier Milei volver\u00e1 este s\u00e1bado de su gira m\u00e1s larga, con 10 d\u00edas de duraci\u00f3n y m\u00faltiples destinos visitados. En Argentina, particularmente en la Casa Rosada, lo esperaban con ansias para comenzar a resolver la salida de diferentes medidas gubernamentales que requieren de su firma en el pa\u00eds.<\/p>\n<p style=\"text-align: justify;\">Algunas de ellas tienen fecha de extinci\u00f3n, como los Decretos de Necesidad y Urgencia (DNU) y decretos que resuelven asuntos en materia administrativa. Esto es porque en la Ley Bases sancionada el a\u00f1o pasado, el Gobierno logr\u00f3 facultades delegadas en ciertas materias, las cuales evitan que deban tramitarse de manera obligatoria por el Congreso Nacional.<\/p>\n<p style=\"text-align: justify;\">La fecha de expiraci\u00f3n para esas facultades ser\u00e1 el 8 de julio pr\u00f3ximo, a un a\u00f1o de que la Ley Bases fuera promulgada en el Bolet\u00edn Oficial. As\u00ed, queda menos de un mes para que esas medidas desreguladoras que tiene en carpeta el Gobierno puedan ser firmadas por el Presidente y ejecutadas definitivamente.<\/p>\n<p style=\"text-align: justify;\">Hay un aproximado de 13 decretos que est\u00e1n en carpeta y que precisan que se publiquen en las pr\u00f3ximas semanas. Estos abordan cuestiones como reducci\u00f3n de gastos, el cierre de \u00e1reas y la centralizaci\u00f3n de organismos descentralizados.<\/p>\n<p style=\"text-align: justify;\">Un informe realizado el mes pasado por la Direcci\u00f3n Nacional de Dise\u00f1o Organizacional del Ministerio de Desregulaci\u00f3n y Transformaci\u00f3n del Estado revel\u00f3 que la Administraci\u00f3n P\u00fablica Nacional cuenta con 111 organismos, de los cuales 40 son organismos desconcentrados y 71 descentralizados, con un total de 477 autoridades superiores.<\/p>\n<p style=\"text-align: justify;\">Una de las \u00faltimas medidas que pudo realizarse por las facultades delegadas fue la transformaci\u00f3n del Banco Nacional de Datos Gen\u00e9ticos en un organismo desconcentrado dependiente de la Jefatura de Gabinete. Seg\u00fan explic\u00f3 el mismo Sturzenegger para fundamentar la medida, a diferencia entre un desconcentrado y un descentralizado es que este \u00faltimo duplica \u00e1reas de contabilidad, liquidaci\u00f3n de sueldos, compras, una burocracia infernal que, a su modo de ver, podr\u00edan encargarse las \u00e1reas centrales.<\/p>\n<p style=\"text-align: justify;\">La mayor\u00eda de las reformas de organismos pendientes responden al Ministerio de Salud, el de Capital Humano y el de Econom\u00eda. De este \u00faltimo, los principales apuntados son las secretar\u00edas de Transporte, Agricultura e Industria.<\/p>\n<p style=\"text-align: justify;\">Desde una de estas \u00e1reas explican que la confecci\u00f3n de estas reformas son, en cierta forma, un entuerto legislativo. Los borradores hacen un tedioso proceso de correcciones por las \u00e1reas de Legales del \u00e1rea que se va a intervenir, el del Ministerio de Desregulaci\u00f3n y la Secretar\u00eda de Legal y T\u00e9cnica de la Presidencia de la Naci\u00f3n, a cargo de Mar\u00eda Ibarz\u00e1bal, la encargada de darle el visto bueno final.<\/p>\n<p style=\"text-align: justify;\">Luego, debe decidirse el momento correcto para comunicarlo. Las medidas desreguladoras no dejan de ser balas comunicacionales clave en un Gobierno que no tiene iniciativa propia en el Congreso, depende plenamente en la marcha de la econom\u00eda y que debe esperar al recambio legislativo de diciembre para imponer sus propias reformas.<\/p>\n<p style=\"text-align: justify;\">Dado que el lunes es feriado y que los primeros d\u00edas de la agenda estar\u00e1n signados por la detenci\u00f3n efectiva de Cristina Kirchner, altos mandos de la comunicaci\u00f3n libertaria indicaron que no se prev\u00e9 que algunas de estas medidas sea propulsada por esos d\u00edas. \u201cLa agenda va a pasar, por otro lado\u201d, reiteran.<\/p>\n<p style=\"text-align: justify;\">Una de las reformas m\u00e1s significativas se concentra en el Instituto Nacional de Tecnolog\u00eda Agropecuaria (INTA), organismo aut\u00e1rquico bajo la \u00f3rbita del secretario de Agricultura, Sergio Iraeta. El objetivo es ajustar el presupuesto, reducir personal y desprenderse de un segmento de las 450 sedes que posee el instituto, adem\u00e1s de modificar la gobernanza y considerar la venta de campos o propiedades, algo que ya se hab\u00eda evaluado y anunciado el a\u00f1o pasado.<\/p>\n<p style=\"text-align: justify;\">No son igual de grandes que el INTA, que cuenta con m\u00e1s de 6000 empleados. Entre los organismos apuntados tambi\u00e9n est\u00e1n Servicio Nacional de Sanidad y Calidad Agroalimentaria (Senasa) y la Administraci\u00f3n Nacional de Aviaci\u00f3n Civil (ANAC).<\/p>\n<p style=\"text-align: justify;\">A pesar de que se anunci\u00f3 hace m\u00e1s de tres meses, el Gobierno todav\u00eda no reglament\u00f3 los cambios en el Instituto Nacional del C\u00e1ncer (INC). La decisi\u00f3n busca eliminar la duplicidad de tareas, esto implica que los programas, el acceso a medicamentos y los tratamientos que antes gestionaba el INC pasar\u00e1n a estar bajo la \u00f3rbita directa del Ministerio, que asegur\u00f3 la continuidad de estos servicios.<\/p>\n<p style=\"text-align: justify;\">Adem\u00e1s de acotar \u00e1mbitos burocr\u00e1ticos, todas estas medidas responden directamente con la premisa de reducci\u00f3n del gasto estatal y de la dotaci\u00f3n de la Administraci\u00f3n P\u00fablica Nacional. Hasta abril de este a\u00f1o, el n\u00famero de contratados era de 292.801. Un a\u00f1o atr\u00e1s ese n\u00famero era de 322.197 personas. Una baja de casi 30.000 empleados.<\/p>\n<p style=\"text-align: justify;\">Cabe hacerse la pregunta de qu\u00e9 puede suceder con el Ministerio de Desregulaci\u00f3n y Transformaci\u00f3n del Estado que lidera Sturzenegger, un raviol que se cre\u00f3 d\u00edas antes de que quedara efectiva la Ley Bases. No es una idea concreta, pero diferentes funcionarios de la Casa Rosada teorizan que esa misma \u00e1rea podr\u00eda reestructurarse despu\u00e9s de que finalicen las facultades extraordinarias.<\/p>\n<p style=\"text-align: justify;\">La capacidad de desregulaci\u00f3n seguir\u00e1 estando, pero a trav\u00e9s de la sugerencia de derogaciones a otras carteras gubernamentales. Ser\u00e1n reformas menores a las que realiza a trav\u00e9s de los DNU.<\/p>\n<p style=\"text-align: justify;\">Una de las patas m\u00e1s significativas que se ver\u00e1 inalterada es la del dise\u00f1o y ejecuci\u00f3n de pol\u00edticas relativas al empleo p\u00fablico. En rigor, Sturzenegger es quien convalida los incrementos para los empleados de la Administraci\u00f3n P\u00fablica Nacional. La encargada de hacerlo es la subsecretaria de Desarrollo y Modernizaci\u00f3n del Empleo P\u00fablico, a cargo de Mar\u00eda Rosana Reggi.<\/p>\n<p style=\"text-align: justify;\">Los empleados efectivos se rigen por paritaria negociada con los gremios estatales. Pero los incrementos de los monotributistas que se rigen por el Decreto 1109\/17. Hay un fuerte malestar con este \u00faltimo sector. \u201cA nosotros no nos aumentan el valor de las Unidades Retributivas desde octubre\u201d, afirma una empleada ministerial. En rigor, en este sector sol\u00edan estar acostumbrados a dos aumentos anuales. Pero el per\u00edodo de esta ocasi\u00f3n se extendi\u00f3 m\u00e1s de lo usual.<\/p>\n<p style=\"text-align: justify;\">Esto ha llevado que los responsables de las principales carteras deban administrar las UR como si fuese oro, a los fines de poder incrementar los salarios tanto en esa categor\u00eda como en los directores, subsecretarios y secretarios de la Naci\u00f3n (quienes tienen el salario congelado desde diciembre de 2023).<\/p>\n<p style=\"text-align: justify;\">Sturzenegger habl\u00f3 meses atr\u00e1s con Javier Milei sobre este \u00faltimo asunto: que hab\u00eda que buscar una manera de descongelar aumentos para la plana mayor del Gobierno. El Presidente se neg\u00f3. Como contrapartida, desde diversos sectores del Gobierno le han dicho a este medio que les es cada vez m\u00e1s dif\u00edcil retener a personal calificado. \u201cSolamente puede quedarse el que tenga much\u00edsima plata\u201d, afirman.<\/p>\n","protected":false},"excerpt":{"rendered":"<div class=\"mh-excerpt\"><p>La bater\u00eda de medidas abarca principalmente a los ministerios de Econom\u00eda y Salud. Los organismos en la lupa y los incrementos pendientes para los monotributistas <a class=\"mh-excerpt-more\" href=\"https:\/\/primiciasclorinda.com\/?p=36368\" title=\"Milei vuelve de su gira y el Gobierno reactiva m\u00e1s de 10 decretos para desregular y reducir la planta estatal\">[&#8230;]<\/a><\/p>\n<\/div>","protected":false},"author":3,"featured_media":36369,"comment_status":"open","ping_status":"open","sticky":false,"template":"","format":"standard","meta":{"footnotes":""},"categories":[3],"tags":[3566,4465,4142,4780],"class_list":["post-36368","post","type-post","status-publish","format-standard","has-post-thumbnail","hentry","category-politica-economia","tag-administracion","tag-decretos","tag-milei","tag-publica"],"_links":{"self":[{"href":"https:\/\/primiciasclorinda.com\/index.php?rest_route=\/wp\/v2\/posts\/36368","targetHints":{"allow":["GET"]}}],"collection":[{"href":"https:\/\/primiciasclorinda.com\/index.php?rest_route=\/wp\/v2\/posts"}],"about":[{"href":"https:\/\/primiciasclorinda.com\/index.php?rest_route=\/wp\/v2\/types\/post"}],"author":[{"embeddable":true,"href":"https:\/\/primiciasclorinda.com\/index.php?rest_route=\/wp\/v2\/users\/3"}],"replies":[{"embeddable":true,"href":"https:\/\/primiciasclorinda.com\/index.php?rest_route=%2Fwp%2Fv2%2Fcomments&post=36368"}],"version-history":[{"count":1,"href":"https:\/\/primiciasclorinda.com\/index.php?rest_route=\/wp\/v2\/posts\/36368\/revisions"}],"predecessor-version":[{"id":36370,"href":"https:\/\/primiciasclorinda.com\/index.php?rest_route=\/wp\/v2\/posts\/36368\/revisions\/36370"}],"wp:featuredmedia":[{"embeddable":true,"href":"https:\/\/primiciasclorinda.com\/index.php?rest_route=\/wp\/v2\/media\/36369"}],"wp:attachment":[{"href":"https:\/\/primiciasclorinda.com\/index.php?rest_route=%2Fwp%2Fv2%2Fmedia&parent=36368"}],"wp:term":[{"taxonomy":"category","embeddable":true,"href":"https:\/\/primiciasclorinda.com\/index.php?rest_route=%2Fwp%2Fv2%2Fcategories&post=36368"},{"taxonomy":"post_tag","embeddable":true,"href":"https:\/\/primiciasclorinda.com\/index.php?rest_route=%2Fwp%2Fv2%2Ftags&post=36368"}],"curies":[{"name":"wp","href":"https:\/\/api.w.org\/{rel}","templated":true}]}}