{"id":36273,"date":"2025-06-09T09:11:23","date_gmt":"2025-06-09T12:11:23","guid":{"rendered":"http:\/\/primiciasclorinda.com\/?p=36273"},"modified":"2025-06-09T09:11:23","modified_gmt":"2025-06-09T12:11:23","slug":"decidido-acompanamiento-del-gobierno-provincial-a-familias-ladrilleras-en-las-lomitas","status":"publish","type":"post","link":"https:\/\/primiciasclorinda.com\/?p=36273","title":{"rendered":"Decidido acompa\u00f1amiento del Gobierno provincial a familias ladrilleras en Las Lomitas"},"content":{"rendered":"<p style=\"text-align: justify;\">El subsecretario de Econom\u00eda Social, Ricardo Fischer, destac\u00f3 el trabajo de contenci\u00f3n que se realiza en Las Lomitas con las familias ladrilleras, por indicaci\u00f3n del gobernador Gildo Insfr\u00e1n.<\/p>\n<p style=\"text-align: justify;\">\u201cEstamos recorriendo casa por casa, acompa\u00f1ando a cada productor ladrillero, garantizando el sostenimiento de su producci\u00f3n. Esta presencia responde a una clara decisi\u00f3n del gobernador de estar junto a quienes fueron abandonados por el Municipio local\u201d, expres\u00f3 el funcionario en declaraciones que formul\u00f3 a la Agencia de Noticias Formosa (AGENFOR).<\/p>\n<p style=\"text-align: justify;\">Adem\u00e1s, record\u00f3 que anteriormente se enviaron al municipio equipamientos destinados al sector ladrillero, pero que jam\u00e1s fueron entregados. \u201cPor eso hoy estamos ac\u00e1, trabajando en territorio, con las y los productores\u201d, afirm\u00f3.<br \/>\nEn ese marco, el funcionario tambi\u00e9n resalt\u00f3 la visi\u00f3n del gobernador Insfr\u00e1n, quien recientemente expres\u00f3 que el sector ladrillero ser\u00e1 clave para el desarrollo de la empresa biosider\u00fargica instalada en Formosa, ya que para la construcci\u00f3n de altos hornos se requerir\u00e1 de su producci\u00f3n.<\/p>\n<p style=\"text-align: justify;\">\u201cEstamos fortaleciendo este eslab\u00f3n fundamental de nuestra econom\u00eda social, porque sabemos que el futuro productivo de Formosa se construye con cada familia y con trabajo local\u201d, concluy\u00f3<\/p>\n","protected":false},"excerpt":{"rendered":"<div class=\"mh-excerpt\"><p>El subsecretario de Econom\u00eda Social, Ricardo Fischer, destac\u00f3 el trabajo de contenci\u00f3n que se realiza en Las Lomitas con las familias ladrilleras, por indicaci\u00f3n del <a class=\"mh-excerpt-more\" href=\"https:\/\/primiciasclorinda.com\/?p=36273\" title=\"Decidido acompa\u00f1amiento del Gobierno provincial a familias ladrilleras en Las Lomitas\">[&#8230;]<\/a><\/p>\n<\/div>","protected":false},"author":3,"featured_media":36274,"comment_status":"open","ping_status":"open","sticky":false,"template":"","format":"standard","meta":{"footnotes":""},"categories":[3],"tags":[31,4758],"class_list":["post-36273","post","type-post","status-publish","format-standard","has-post-thumbnail","hentry","category-politica-economia","tag-gobierno-provincial","tag-ladrilleros-de-las-lomitas"],"_links":{"self":[{"href":"https:\/\/primiciasclorinda.com\/index.php?rest_route=\/wp\/v2\/posts\/36273","targetHints":{"allow":["GET"]}}],"collection":[{"href":"https:\/\/primiciasclorinda.com\/index.php?rest_route=\/wp\/v2\/posts"}],"about":[{"href":"https:\/\/primiciasclorinda.com\/index.php?rest_route=\/wp\/v2\/types\/post"}],"author":[{"embeddable":true,"href":"https:\/\/primiciasclorinda.com\/index.php?rest_route=\/wp\/v2\/users\/3"}],"replies":[{"embeddable":true,"href":"https:\/\/primiciasclorinda.com\/index.php?rest_route=%2Fwp%2Fv2%2Fcomments&post=36273"}],"version-history":[{"count":1,"href":"https:\/\/primiciasclorinda.com\/index.php?rest_route=\/wp\/v2\/posts\/36273\/revisions"}],"predecessor-version":[{"id":36275,"href":"https:\/\/primiciasclorinda.com\/index.php?rest_route=\/wp\/v2\/posts\/36273\/revisions\/36275"}],"wp:featuredmedia":[{"embeddable":true,"href":"https:\/\/primiciasclorinda.com\/index.php?rest_route=\/wp\/v2\/media\/36274"}],"wp:attachment":[{"href":"https:\/\/primiciasclorinda.com\/index.php?rest_route=%2Fwp%2Fv2%2Fmedia&parent=36273"}],"wp:term":[{"taxonomy":"category","embeddable":true,"href":"https:\/\/primiciasclorinda.com\/index.php?rest_route=%2Fwp%2Fv2%2Fcategories&post=36273"},{"taxonomy":"post_tag","embeddable":true,"href":"https:\/\/primiciasclorinda.com\/index.php?rest_route=%2Fwp%2Fv2%2Ftags&post=36273"}],"curies":[{"name":"wp","href":"https:\/\/api.w.org\/{rel}","templated":true}]}}