{"id":36179,"date":"2025-06-04T09:03:26","date_gmt":"2025-06-04T12:03:26","guid":{"rendered":"http:\/\/primiciasclorinda.com\/?p=36179"},"modified":"2025-06-04T09:03:26","modified_gmt":"2025-06-04T12:03:26","slug":"bibolini-aclara-que-la-nueva-variante-de-covid-es-menos-mortal-pero-mas-transmisible","status":"publish","type":"post","link":"https:\/\/primiciasclorinda.com\/?p=36179","title":{"rendered":"Bibolini aclar\u00e1 que la nueva variante de covid es \u00abmenos mortal, pero m\u00e1s transmisible\u00bb."},"content":{"rendered":"<div class=\"xdj266r x11i5rnm xat24cr x1mh8g0r x1vvkbs x126k92a\">\n<div dir=\"auto\" style=\"text-align: justify;\">BIBOLINI ACLAR\u00d3 QUE LA NUEVA VARIANTE DEL COVID ES \u201cMENOS MORTAL PERO M\u00c1S TRANSMISIBLE\u201d<\/div>\n<div dir=\"auto\" style=\"text-align: justify;\"><\/div>\n<\/div>\n<div class=\"x11i5rnm xat24cr x1mh8g0r x1vvkbs xtlvy1s x126k92a\" style=\"text-align: justify;\">\n<div dir=\"auto\">Un aumento significativo de casos de COVID-19 causado por una nueva variante del SARS-CoV-2, denominada NB.1.8.1, puso en alerta a la Organizaci\u00f3n Mundial de la Salud, que inform\u00f3 en las \u00faltimas horas una incidencia del 10,7% en todos los pacientes diagnosticados a nivel mundial, advirtiendo su seguimiento en zonas de Asia y Estados Unidos, dado su poder de transmisibilidad.<\/div>\n<div dir=\"auto\"><\/div>\n<\/div>\n<div class=\"x11i5rnm xat24cr x1mh8g0r x1vvkbs xtlvy1s x126k92a\" style=\"text-align: justify;\">\n<div dir=\"auto\">Consultado por La Ma\u00f1ana, el m\u00e9dico infect\u00f3logo Juli\u00e1n Bibolini aclar\u00f3 que la nueva mutaci\u00f3n del COVID original \u201ctodav\u00eda no se registr\u00f3 en Latinoam\u00e9rica ni en Argentina\u201d, agregando que \u201csu baja incidencia de los contagios comenz\u00f3 a crecer y generar dudas a partir de los \u00faltimos tres meses\u201d.<\/div>\n<div dir=\"auto\"><\/div>\n<\/div>\n<div class=\"x11i5rnm xat24cr x1mh8g0r x1vvkbs xtlvy1s x126k92a\" style=\"text-align: justify;\">\n<div dir=\"auto\">\u201cEsta nueva variante se desprende del \u00d3micron, la cepa con mayor incidencia en el \u00faltimo tiempo. Se la descubri\u00f3 en enero de este a\u00f1o con un porcentaje bajo de contagio. Sin embargo, con el correr del tiempo, su poder de transmisibilidad fue cambiando y aumentando, tanto que pas\u00f3 en pocos meses de 2% a 10,7% en la poblaci\u00f3n, con focos detectados en zonas de Asia y tambi\u00e9n en Estados Unidos\u201d, indic\u00f3 el doctor.<\/div>\n<div dir=\"auto\"><\/div>\n<\/div>\n<div class=\"x11i5rnm xat24cr x1mh8g0r x1vvkbs xtlvy1s x126k92a\">\n<div dir=\"auto\" style=\"text-align: justify;\">Bibolini explic\u00f3 que la nueva variante detectada a principio de a\u00f1o presenta las mismas sintomatolog\u00edas que un cuadro gripal, para la cual \u201cla vacuna contra el COVID que se dispensa en la provincia tiene protecci\u00f3n y sirve de anticuerpos\u201d.<\/div>\n<\/div>\n","protected":false},"excerpt":{"rendered":"<div class=\"mh-excerpt\"><p>BIBOLINI ACLAR\u00d3 QUE LA NUEVA VARIANTE DEL COVID ES \u201cMENOS MORTAL PERO M\u00c1S TRANSMISIBLE\u201d Un aumento significativo de casos de COVID-19 causado por una nueva <a class=\"mh-excerpt-more\" href=\"https:\/\/primiciasclorinda.com\/?p=36179\" title=\"Bibolini aclar\u00e1 que la nueva variante de covid es \u00abmenos mortal, pero m\u00e1s transmisible\u00bb.\">[&#8230;]<\/a><\/p>\n<\/div>","protected":false},"author":3,"featured_media":36180,"comment_status":"open","ping_status":"open","sticky":false,"template":"","format":"standard","meta":{"footnotes":""},"categories":[4],"tags":[3005,23,3587],"class_list":["post-36179","post","type-post","status-publish","format-standard","has-post-thumbnail","hentry","category-informacion-general","tag-covid-19","tag-formosa","tag-nueva-variante"],"_links":{"self":[{"href":"https:\/\/primiciasclorinda.com\/index.php?rest_route=\/wp\/v2\/posts\/36179","targetHints":{"allow":["GET"]}}],"collection":[{"href":"https:\/\/primiciasclorinda.com\/index.php?rest_route=\/wp\/v2\/posts"}],"about":[{"href":"https:\/\/primiciasclorinda.com\/index.php?rest_route=\/wp\/v2\/types\/post"}],"author":[{"embeddable":true,"href":"https:\/\/primiciasclorinda.com\/index.php?rest_route=\/wp\/v2\/users\/3"}],"replies":[{"embeddable":true,"href":"https:\/\/primiciasclorinda.com\/index.php?rest_route=%2Fwp%2Fv2%2Fcomments&post=36179"}],"version-history":[{"count":1,"href":"https:\/\/primiciasclorinda.com\/index.php?rest_route=\/wp\/v2\/posts\/36179\/revisions"}],"predecessor-version":[{"id":36181,"href":"https:\/\/primiciasclorinda.com\/index.php?rest_route=\/wp\/v2\/posts\/36179\/revisions\/36181"}],"wp:featuredmedia":[{"embeddable":true,"href":"https:\/\/primiciasclorinda.com\/index.php?rest_route=\/wp\/v2\/media\/36180"}],"wp:attachment":[{"href":"https:\/\/primiciasclorinda.com\/index.php?rest_route=%2Fwp%2Fv2%2Fmedia&parent=36179"}],"wp:term":[{"taxonomy":"category","embeddable":true,"href":"https:\/\/primiciasclorinda.com\/index.php?rest_route=%2Fwp%2Fv2%2Fcategories&post=36179"},{"taxonomy":"post_tag","embeddable":true,"href":"https:\/\/primiciasclorinda.com\/index.php?rest_route=%2Fwp%2Fv2%2Ftags&post=36179"}],"curies":[{"name":"wp","href":"https:\/\/api.w.org\/{rel}","templated":true}]}}